{"id":6817,"date":"2013-08-16T15:59:22","date_gmt":"2013-08-16T17:59:22","guid":{"rendered":"https:\/\/forumjustica.vlannetwork.com\/?p=6817"},"modified":"2022-09-04T21:16:14","modified_gmt":"2022-09-05T00:16:14","slug":"forum-de-conselhos-penitenciarios","status":"publish","type":"post","link":"https:\/\/staging.forumjustica.com.br\/en\/forum-de-conselhos-penitenciarios\/","title":{"rendered":"F\u00f3rum de Conselhos Penitenci\u00e1rios"},"content":{"rendered":"<p><em>Fonte:<\/em> Reda\u00e7\u00e3o da Tribuna do Advogado<\/p>\n<p>Foi criado na quinta-feira, dia 8 de agosto, o F\u00f3rum Nacional de Conselhos Penitenci\u00e1rios Estaduais, cujo intuito \u00e9 possibilitar uma maior articula\u00e7\u00e3o entre os grupos, fortalecendo-os como \u00f3rg\u00e3os consultivos e fiscalizadores da execu\u00e7\u00e3o penal. A presidente do Conselho Penitenci\u00e1rio do Rio e integrante da Comiss\u00e3o de Seguran\u00e7a P\u00fablica da OAB\/RJ, Ma\u00edra Fernandes, foi escolhida como coordenadora-geral do grupo.<\/p>\n<p>A funda\u00e7\u00e3o da entidade aconteceu durante o I Encontro Nacional de Conselhos Penitenci\u00e1rios Estaduais, organizado pela Ouvidoria do Departamento Penitenci\u00e1rio Nacional do Minist\u00e9rio da Justi\u00e7a, que aconteceu em Bras\u00edlia entre os dias 7 e 9. Para Ma\u00edra, o encontro foi um marco. &#8220;A Lei de Execu\u00e7\u00e3o Penal prev\u00ea que cada estado tenha o seu conselho. \u00c9 a primeira vez que conseguimos reunir todos os 27 grupos, cada um com suas particularidades e experi\u00eancias pr\u00f3prias&#8221;, ressaltou.<\/p>\n<p>A reforma da Lei de Execu\u00e7\u00e3o Penal, que est\u00e1 sendo discutida atualmente no Senado, torna o momento prop\u00edcio para a cria\u00e7\u00e3o do f\u00f3rum, segundo Ma\u00edra. &#8220;Precisamos encaminhar nossas propostas e, sobretudo, definir qual \u00e9 o conselho que queremos para enfrentar os desafios do sistema penitenci\u00e1rio&#8221;, explicou.<\/p>\n<p>Al\u00e9m da coordena\u00e7\u00e3o geral, o Rio de Janeiro foi escolhido, tamb\u00e9m, para acumular a fun\u00e7\u00e3o na Regi\u00e3o Sudeste. Haver\u00e1, ainda, outros quatro n\u00facleos regionais, comandados pelos presidentes dos conselhos do Distrito Federal, da Para\u00edba, do Paran\u00e1 e do Par\u00e1. A inten\u00e7\u00e3o de Ma\u00edra \u00e9 realizar uma nova reuni\u00e3o ainda no segundo semestre de 2013. &#8220;Pretendemos fazer, pelo menos, uma reuni\u00e3o anual e diversas reuni\u00f5es regionais. Tentaremos viabilizar uma primeira reuni\u00e3o da Regi\u00e3o Nordeste j\u00e1 no m\u00eas de setembro, na Para\u00edba&#8221;, disse.<\/p>\n","protected":false},"excerpt":{"rendered":"<p>Fonte: Reda\u00e7\u00e3o da Tribuna do Advogado Foi criado na quinta-feira, dia 8 de agosto, o F\u00f3rum Nacional de Conselhos Penitenci\u00e1rios Estaduais, cujo intuito \u00e9 possibilitar uma maior articula\u00e7\u00e3o entre os grupos, fortalecendo-os como \u00f3rg\u00e3os consultivos e fiscalizadores da execu\u00e7\u00e3o penal. A presidente do Conselho Penitenci\u00e1rio do Rio e integrante da Comiss\u00e3o de Seguran\u00e7a P\u00fablica da [&hellip;]<\/p>\n","protected":false},"author":13,"featured_media":0,"comment_status":"open","ping_status":"closed","sticky":false,"template":"","format":"standard","meta":{"inline_featured_image":false,"footnotes":""},"categories":[1],"tags":[],"anos":[],"projetos":[],"autorias":[],"eixos_tematicos":[],"locais":[],"pessoas":[],"estado":[],"academia":[],"sociedade_civil":[],"class_list":["post-6817","post","type-post","status-publish","format-standard","hentry","category-noticias"],"_links":{"self":[{"href":"https:\/\/staging.forumjustica.com.br\/en\/wp-json\/wp\/v2\/posts\/6817","targetHints":{"allow":["GET"]}}],"collection":[{"href":"https:\/\/staging.forumjustica.com.br\/en\/wp-json\/wp\/v2\/posts"}],"about":[{"href":"https:\/\/staging.forumjustica.com.br\/en\/wp-json\/wp\/v2\/types\/post"}],"author":[{"embeddable":true,"href":"https:\/\/staging.forumjustica.com.br\/en\/wp-json\/wp\/v2\/users\/13"}],"replies":[{"embeddable":true,"href":"https:\/\/staging.forumjustica.com.br\/en\/wp-json\/wp\/v2\/comments?post=6817"}],"version-history":[{"count":1,"href":"https:\/\/staging.forumjustica.com.br\/en\/wp-json\/wp\/v2\/posts\/6817\/revisions"}],"predecessor-version":[{"id":17547,"href":"https:\/\/staging.forumjustica.com.br\/en\/wp-json\/wp\/v2\/posts\/6817\/revisions\/17547"}],"wp:attachment":[{"href":"https:\/\/staging.forumjustica.com.br\/en\/wp-json\/wp\/v2\/media?parent=6817"}],"wp:term":[{"taxonomy":"category","embeddable":true,"href":"https:\/\/staging.forumjustica.com.br\/en\/wp-json\/wp\/v2\/categories?post=6817"},{"taxonomy":"post_tag","embeddable":true,"href":"https:\/\/staging.forumjustica.com.br\/en\/wp-json\/wp\/v2\/tags?post=6817"},{"taxonomy":"anos","embeddable":true,"href":"https:\/\/staging.forumjustica.com.br\/en\/wp-json\/wp\/v2\/anos?post=6817"},{"taxonomy":"projetos","embeddable":true,"href":"https:\/\/staging.forumjustica.com.br\/en\/wp-json\/wp\/v2\/projetos?post=6817"},{"taxonomy":"autorias","embeddable":true,"href":"https:\/\/staging.forumjustica.com.br\/en\/wp-json\/wp\/v2\/autorias?post=6817"},{"taxonomy":"eixos_tematicos","embeddable":true,"href":"https:\/\/staging.forumjustica.com.br\/en\/wp-json\/wp\/v2\/eixos_tematicos?post=6817"},{"taxonomy":"locais","embeddable":true,"href":"https:\/\/staging.forumjustica.com.br\/en\/wp-json\/wp\/v2\/locais?post=6817"},{"taxonomy":"pessoas","embeddable":true,"href":"https:\/\/staging.forumjustica.com.br\/en\/wp-json\/wp\/v2\/pessoas?post=6817"},{"taxonomy":"estado","embeddable":true,"href":"https:\/\/staging.forumjustica.com.br\/en\/wp-json\/wp\/v2\/estado?post=6817"},{"taxonomy":"academia","embeddable":true,"href":"https:\/\/staging.forumjustica.com.br\/en\/wp-json\/wp\/v2\/academia?post=6817"},{"taxonomy":"sociedade_civil","embeddable":true,"href":"https:\/\/staging.forumjustica.com.br\/en\/wp-json\/wp\/v2\/sociedade_civil?post=6817"}],"curies":[{"name":"wp","href":"https:\/\/api.w.org\/{rel}","templated":true}]}}