{"id":6733,"date":"2013-07-27T01:23:11","date_gmt":"2013-07-27T04:23:11","guid":{"rendered":"https:\/\/forumjustica.vlannetwork.com\/?p=6733"},"modified":"2022-09-04T21:16:14","modified_gmt":"2022-09-05T00:16:14","slug":"possiveis-rotas-para-conformacao-do-gt-latinoiberoamericano","status":"publish","type":"post","link":"https:\/\/staging.forumjustica.com.br\/en\/possiveis-rotas-para-conformacao-do-gt-latinoiberoamericano\/","title":{"rendered":"Poss\u00edveis rotas para conforma\u00e7\u00e3o do GT Ibero latino-americano"},"content":{"rendered":"<p><strong>Hist\u00f3rico: impulsos e apoios<\/strong><\/p>\n<ul>\n<li>EUROsociAL Justi\u00e7a (\u00e1rea tem\u00e1tica do projeto Programa Regional para Coes\u00e3o Social na Am\u00e9rica Latina\/Comiss\u00e3o Europ\u00e9ia): Justi\u00e7a Como Servi\u00e7o P\u00fablico &#8211; Encontro em Santa Cruz de La Sierra, 2006.<\/li>\n<li>Semin\u00e1rio Interamericano sobre Governo Judicial (Centro de Estudios de Justicia de Las Am\u00e9ricas \u2013 CEJA\/Funda\u00e7\u00e3o Carolina-Argentina), Buenos Aires, 2007.<\/li>\n<li>100 Regras de Bras\u00edlia sobre Acesso \u00e0 Justi\u00e7a das Pessoas em Condi\u00e7\u00e3o de Vulnerabilidade. XIV Confer\u00eancia Judicial Ibero-americana, Bras\u00edlia, 2008<\/li>\n<li>IV Encontro Internacional de Redes EUROsociAL. Salvador, Bahia, 2009.<\/li>\n<li>Semin\u00e1rio sobre as 100 Regras de Bras\u00edlia para o Acesso \u00e0 Justi\u00e7a de Pessoas em Condi\u00e7\u00e3o de Vulnerabilidade, Associa\u00e7\u00e3o Estadual dos Defensores P\u00fablicos do Estado do Rio de janeiro &#8211; ADPERJ, Rio de Janeiro, 2009.<\/li>\n<li>II An\u00e1lise das 100 Regras de Bras\u00edlia por Institui\u00e7\u00f5es do Sistema de Justi\u00e7a do Cone Sul: O Acesso a Justi\u00e7a por pessoas em condi\u00e7\u00e3o de vulnerabilidade &#8211; Homenagem ao Catedr\u00e1tico Santos Pastor Prieto, Buenos Aires, 2010.<\/li>\n<li>F\u00d3RUM JUSTI\u00c7A: Instala\u00e7\u00e3o e Reuni\u00e3o Geral Rio de Janeiro, 2011.<\/li>\n<li>SEGUNDA REUNI\u00c3O GERAL FJ, 22 de mar\u00e7o de 2013.<\/li>\n<\/ul>\n<div id=\"attachment_6735\" style=\"width: 160px\" class=\"wp-caption alignleft\"><a href=\"https:\/\/staging.forumjustica.com.br\/wp-content\/uploads\/2013\/07\/a-justi\u00e7a-como-servi\u00e7o-p\u00fablico-bol\u00edvia-2006.png\"><img loading=\"lazy\" decoding=\"async\" aria-describedby=\"caption-attachment-6735\" class=\"size-thumbnail wp-image-6735 \" title=\"a justi\u00e7a como servi\u00e7o p\u00fablico - bol\u00edvia - 2006\" src=\"https:\/\/staging.forumjustica.com.br\/wp-content\/uploads\/2013\/07\/a-justi\u00e7a-como-servi\u00e7o-p\u00fablico-bol\u00edvia-2006-150x150.png\" alt=\"\" width=\"150\" height=\"150\" \/><\/a><p id=\"caption-attachment-6735\" class=\"wp-caption-text\">A Justi\u00e7a como Servi\u00e7o P\u00fablico Di\u00e1logo Europa-Am\u00e9rica Latina para a Coes\u00e3o Social Santa Cruz de La Sierra, Bol\u00edvia. 2006<\/p><\/div>\n<div id=\"attachment_6736\" style=\"width: 160px\" class=\"wp-caption alignleft\"><a href=\"https:\/\/staging.forumjustica.com.br\/wp-content\/uploads\/2013\/07\/an\u00e1lise-das-100-regras-de-bras\u00edlia-Brasil-2009.png\"><img loading=\"lazy\" decoding=\"async\" aria-describedby=\"caption-attachment-6736\" class=\"size-thumbnail wp-image-6736 \" title=\"an\u00e1lise das 100 regras de bras\u00edlia - Brasil - 2009\" src=\"https:\/\/staging.forumjustica.com.br\/wp-content\/uploads\/2013\/07\/an\u00e1lise-das-100-regras-de-bras\u00edlia-Brasil-2009-150x150.png\" alt=\"\" width=\"150\" height=\"150\" \/><\/a><p id=\"caption-attachment-6736\" class=\"wp-caption-text\">An\u00e1lise das 100 Regras de Bras\u00edlia por Institui\u00e7\u00f5es do Sistema de Justi\u00e7a do Cone Sul O Acesso a Justi\u00e7a por pessoas em condi\u00e7\u00e3o de vulnerabilidade Rio de Janeiro, Brasil \u2013 2009<\/p><\/div>\n<div id=\"attachment_6737\" style=\"width: 160px\" class=\"wp-caption alignleft\"><a href=\"https:\/\/staging.forumjustica.com.br\/wp-content\/uploads\/2013\/07\/II-an\u00e1lise-das-100-regras-de-bras\u00edlia-Argentina-2010.jpg\"><img loading=\"lazy\" decoding=\"async\" aria-describedby=\"caption-attachment-6737\" class=\"size-thumbnail wp-image-6737 \" title=\"II an\u00e1lise das 100 regras de bras\u00edlia - Argentina - 2010\" src=\"https:\/\/staging.forumjustica.com.br\/wp-content\/uploads\/2013\/07\/II-an\u00e1lise-das-100-regras-de-bras\u00edlia-Argentina-2010-150x150.jpg\" alt=\"\" width=\"150\" height=\"150\" \/><\/a><p id=\"caption-attachment-6737\" class=\"wp-caption-text\">II An\u00e1lise das 100 Regras de Bras\u00edlia por Institui\u00e7\u00f5es do Sistema de Justi\u00e7a do Cone Sul O Acesso a Justi\u00e7a por pessoas em condi\u00e7\u00e3o de vulnerabilidade Homenagem ao Catedr\u00e1tico Santos Pastor Prieto Buenos Aires, Argentina &#8211; 2010<\/p><\/div>\n<p>\u00a0<\/p>\n<p>\u00a0<\/p>\n<p>\u00a0<\/p>\n<p>\u00a0<\/p>\n<p>\u00a0<\/p>\n<p>\u00a0<\/p>\n<p>\u00a0<\/p>\n<p>\u00a0<\/p>\n<p>\u00a0<\/p>\n<p>\u00a0<\/p>\n<p>\u00a0<\/p>\n<p><strong>O que nos convoca quando falamos em di\u00e1logos latino\/iberoamericanos?<\/strong><\/p>\n<ul>\n<li>A necessidade de refletir em torno das diversas realidades dos pa\u00edses na Regi\u00e3o, para al\u00e9m do foco local, promovendo perspectivas transnacionais em torno da Justi\u00e7a como pol\u00edtica p\u00fablica e como direito estrat\u00e9gico.<\/li>\n<li>Partindo do confronto dessas realidades, identificar iniciativas e boas pr\u00e1ticas da sociedade civil orientadas \u00e0 democratiza\u00e7\u00e3o da Justi\u00e7a. E&#8230;<\/li>\n<li>&#8230;explorar possibilidades de impulso de um movimento mais amplo e cont\u00ednuo de participa\u00e7\u00e3o social com potencialidade de promover transforma\u00e7\u00f5es profundas no processo de democratiza\u00e7\u00e3o do sistema de Justi\u00e7a na Regi\u00e3o, e ainda discutir modelo integrador de justi\u00e7a (reconhecimento de identidades, redistribui\u00e7\u00e3o da riqueza e participa\u00e7\u00e3o popular).<\/li>\n<\/ul>\n<div>\n<p><strong>O que seria ent\u00e3o o GT iberoamericano?<\/strong><\/p>\n<p>Espa\u00e7o dedicado ao estudo, coleta de dados e an\u00e1lises sobre pol\u00edtica judicial, com a implementa\u00e7\u00e3o de estrat\u00e9gias para a intersec\u00e7\u00e3o das pautas do F\u00f3rum Justi\u00e7a com a emanada da C\u00fapula Ibero-Americana de Justi\u00e7a, observada a produ\u00e7\u00e3o do setor acad\u00eamico e o ac\u00famulo de organiza\u00e7\u00f5es e movimentos sociais da Am\u00e9rica Latina.<\/p>\n<\/div>\n<p><strong>Objetivos gerais:<\/strong><\/p>\n<ul>\n<li>Ampliar a densidade democr\u00e1tica para o setor justi\u00e7a;<\/li>\n<li>Discutir mecanismos inovadores, com potencialidades promissoras, existentes na Regi\u00e3o, visando<\/li>\n<li>Estimular e incrementar a participa\u00e7\u00e3o popular na formula\u00e7\u00e3o, monitoramento, avalia\u00e7\u00e3o e revis\u00e3o das pol\u00edticas p\u00fablicas do sistema de justi\u00e7a<\/li>\n<\/ul>\n<p><strong>A\u00e7\u00f5es iniciais propostas (2013 \u2013 2014):<\/strong><\/p>\n<div>\n<ul>\n<li>Promover a discuss\u00e3o interna sobre as perspectivas que a articula\u00e7\u00e3o FJ tem em torno da proje\u00e7\u00e3o proposta (do local ao regional).<\/li>\n<li>Identifica\u00e7\u00e3o de poss\u00edveis parcerias em outros pa\u00edses da Regi\u00e3o.<\/li>\n<li>Formar equipe e tra\u00e7ar plano de trabalho para:<\/li>\n<\/ul>\n<p><!-- [if ppt]--><\/p>\n<\/div>\n<p style=\"padding-left: 30px;\">(i) sistematizar estado da arte: revis\u00e3o dos documentos decorrentes de plataformas institucionais interamericanas e ibero-americanas, de relat\u00f3rios e estudos produzidos pelas ag\u00eancias do Estado, movimentos e organiza\u00e7\u00f5es sociais e setores acad\u00eamicos, sobre a\u00e7\u00f5es da sociedade civil nos pa\u00edses latino-americanos ap\u00f3s a emiss\u00e3o das 100 Regras de Bras\u00edlia e outras prescri\u00e7\u00f5es da C\u00fapula Judicial Ibero americana.<\/p>\n<p style=\"padding-left: 30px;\">(ii) Concretizar parcerias em outros pa\u00edses da Regi\u00e3o.<\/p>\n<p style=\"padding-left: 30px;\">(iii) Identificar e caracterizar iniciativas inovadoras voltadas para a democratiza\u00e7\u00e3o do Sistema de Justi\u00e7a, desenvolvidas ou em andamento, por meio de estudo de caso, o que permite conhecer seus limites e possibilidades.<\/p>\n<p><a href=\"https:\/\/staging.forumjustica.com.br\/wp-content\/uploads\/2013\/07\/GT_IBERO_LATINO_AMERICA.definitivo_ppt.jpg\"><img loading=\"lazy\" decoding=\"async\" class=\"aligncenter size-medium wp-image-6734\" title=\"GT_IBERO_LATINO_AMERICA.definitivo_ppt\" src=\"https:\/\/staging.forumjustica.com.br\/wp-content\/uploads\/2013\/07\/GT_IBERO_LATINO_AMERICA.definitivo_ppt-300x225-1.jpg\" alt=\"\" width=\"300\" height=\"225\" \/><\/a><\/p>","protected":false},"excerpt":{"rendered":"<p>Hist\u00f3rico: impulsos e apoios EUROsociAL Justi\u00e7a (\u00e1rea tem\u00e1tica do projeto Programa Regional para Coes\u00e3o Social na Am\u00e9rica Latina\/Comiss\u00e3o Europ\u00e9ia): Justi\u00e7a Como Servi\u00e7o P\u00fablico &#8211; Encontro em Santa Cruz de La Sierra, 2006. Semin\u00e1rio Interamericano sobre Governo Judicial (Centro de Estudios de Justicia de Las Am\u00e9ricas \u2013 CEJA\/Funda\u00e7\u00e3o Carolina-Argentina), Buenos Aires, 2007. 100 Regras de Bras\u00edlia [&hellip;]<\/p>\n","protected":false},"author":13,"featured_media":0,"comment_status":"closed","ping_status":"closed","sticky":false,"template":"","format":"standard","meta":{"inline_featured_image":false,"footnotes":""},"categories":[114,1],"tags":[],"anos":[],"projetos":[],"autorias":[],"eixos_tematicos":[],"locais":[],"pessoas":[],"estado":[],"academia":[],"sociedade_civil":[],"class_list":["post-6733","post","type-post","status-publish","format-standard","hentry","category-grupos-de-trabalho","category-noticias"],"_links":{"self":[{"href":"https:\/\/staging.forumjustica.com.br\/en\/wp-json\/wp\/v2\/posts\/6733","targetHints":{"allow":["GET"]}}],"collection":[{"href":"https:\/\/staging.forumjustica.com.br\/en\/wp-json\/wp\/v2\/posts"}],"about":[{"href":"https:\/\/staging.forumjustica.com.br\/en\/wp-json\/wp\/v2\/types\/post"}],"author":[{"embeddable":true,"href":"https:\/\/staging.forumjustica.com.br\/en\/wp-json\/wp\/v2\/users\/13"}],"replies":[{"embeddable":true,"href":"https:\/\/staging.forumjustica.com.br\/en\/wp-json\/wp\/v2\/comments?post=6733"}],"version-history":[{"count":1,"href":"https:\/\/staging.forumjustica.com.br\/en\/wp-json\/wp\/v2\/posts\/6733\/revisions"}],"predecessor-version":[{"id":17561,"href":"https:\/\/staging.forumjustica.com.br\/en\/wp-json\/wp\/v2\/posts\/6733\/revisions\/17561"}],"wp:attachment":[{"href":"https:\/\/staging.forumjustica.com.br\/en\/wp-json\/wp\/v2\/media?parent=6733"}],"wp:term":[{"taxonomy":"category","embeddable":true,"href":"https:\/\/staging.forumjustica.com.br\/en\/wp-json\/wp\/v2\/categories?post=6733"},{"taxonomy":"post_tag","embeddable":true,"href":"https:\/\/staging.forumjustica.com.br\/en\/wp-json\/wp\/v2\/tags?post=6733"},{"taxonomy":"anos","embeddable":true,"href":"https:\/\/staging.forumjustica.com.br\/en\/wp-json\/wp\/v2\/anos?post=6733"},{"taxonomy":"projetos","embeddable":true,"href":"https:\/\/staging.forumjustica.com.br\/en\/wp-json\/wp\/v2\/projetos?post=6733"},{"taxonomy":"autorias","embeddable":true,"href":"https:\/\/staging.forumjustica.com.br\/en\/wp-json\/wp\/v2\/autorias?post=6733"},{"taxonomy":"eixos_tematicos","embeddable":true,"href":"https:\/\/staging.forumjustica.com.br\/en\/wp-json\/wp\/v2\/eixos_tematicos?post=6733"},{"taxonomy":"locais","embeddable":true,"href":"https:\/\/staging.forumjustica.com.br\/en\/wp-json\/wp\/v2\/locais?post=6733"},{"taxonomy":"pessoas","embeddable":true,"href":"https:\/\/staging.forumjustica.com.br\/en\/wp-json\/wp\/v2\/pessoas?post=6733"},{"taxonomy":"estado","embeddable":true,"href":"https:\/\/staging.forumjustica.com.br\/en\/wp-json\/wp\/v2\/estado?post=6733"},{"taxonomy":"academia","embeddable":true,"href":"https:\/\/staging.forumjustica.com.br\/en\/wp-json\/wp\/v2\/academia?post=6733"},{"taxonomy":"sociedade_civil","embeddable":true,"href":"https:\/\/staging.forumjustica.com.br\/en\/wp-json\/wp\/v2\/sociedade_civil?post=6733"}],"curies":[{"name":"wp","href":"https:\/\/api.w.org\/{rel}","templated":true}]}}