{"id":6633,"date":"2013-07-25T12:00:04","date_gmt":"2013-07-25T14:00:04","guid":{"rendered":"https:\/\/forumjustica.vlannetwork.com\/?p=6633"},"modified":"2022-09-04T21:16:14","modified_gmt":"2022-09-05T00:16:14","slug":"x-encontro-do-forum-permanente-de-saude-no-sistema-penitenciaria-fpssp-rj","status":"publish","type":"post","link":"https:\/\/staging.forumjustica.com.br\/en\/x-encontro-do-forum-permanente-de-saude-no-sistema-penitenciaria-fpssp-rj\/","title":{"rendered":"X Encontro do F\u00f3rum Permanente de Sa\u00fade no Sistema Penitenci\u00e1ria (FPSSP-RJ)"},"content":{"rendered":"<p>X F\u00f3rum Permanente de Sa\u00fade no Sistema Penitenci\u00e1ria (FPSSP-RJ):<\/p>\n<p>Avaliando os movimentos do FPSSP-RJ e das a\u00e7\u00f5es interinstitucionais na pol\u00edtica de sa\u00fade no sistema penitenci\u00e1rio.<\/p>\n<p>Dia: 9 de agosto de 2013<\/p>\n<p>Local: audit\u00f3rio do Conselho Regional de Psicologia (CRP-RJ) \u2013 Rua Delgado de Carvalho, n\u00ba 53. Tijuca (Largo da 2\u00aa Feira &#8211;  pr\u00f3ximo \u00e0 esta\u00e7\u00e3o Metr\u00f4 S\u00e3o Francisco Xavier)<\/p>\n<p>Hor\u00e1rio: 9hs \u00e0s 17:30 hs.<\/p>\n<p><strong>PROGRAMA\u00c7\u00c3O<\/strong><\/p>\n<p>9hs &#8211; MESAS:<\/p>\n<p>==>  Avaliando o processo de transforma\u00e7\u00e3o do Plano \u00e0 Pol\u00edtica de sa\u00fade no Sistema Penitenci\u00e1rio e seu rebatimento no Estado do Rio de Janeiro.<\/p>\n<p>&#8211; Coordenador da \u00c1rea T\u00e9cnica de Sa\u00fade no Sistema Penitenci\u00e1rio do Minist\u00e9rio da Sa\u00fade &#8211; Marden Marques  Soares Filho<br \/>\n-Coordenadora de Apoio \u00e0 Assist\u00eancia Jur\u00eddica, Social e \u00e0 Sa\u00fade\/CGRSE\/DIRPP\/ Departamento Penitenci\u00e1rio Nacional (DEPEN) &#8211; Ana Maria Braga de Lima<br \/>\n&#8211; Secret\u00e1rio de Estado de Administra\u00e7\u00e3o Penitenci\u00e1ria do RJ (SEAP).<br \/>\n&#8211; Secret\u00e1rio de Estado de Sa\u00fade do RJ (SES).<\/p>\n<p>==> Avaliando o processo de constru\u00e7\u00e3o da C\u00e2mara T\u00e9cnica SES &#8211; SEAP<\/p>\n<p>&#8211; Representantes das Superintend\u00eancias da SES e das Coordena\u00e7\u00f5es da Subsecretaria de Tratamento Penitenci\u00e1rio da SEAP que atuam na C\u00e2mara T\u00e9cnica.<\/p>\n<p> DEBATE<\/p>\n<p>13: 00hs &#8211; Almo\u00e7o<\/p>\n<p>14: 00hs \u2013 MESA:<\/p>\n<p>==> Avaliando a Secretaria Executiva na condu\u00e7\u00e3o do F\u00f3rum no per\u00edodo de 2011 a 2013. Processo de renova\u00e7\u00e3o da secretaria para o pr\u00f3ximo bi\u00eanio.<\/p>\n<p>&#8211;  Minist\u00e9rio P\u00fablico<br \/>\n&#8211; Comiss\u00e3o de DH da ALERJ<br \/>\n&#8211; Conselho Estadual de Sa\u00fade<br \/>\n&#8211; Secretaria Executiva do FPSSP<\/p>\n<p>16:30 hs \u2013 DEBATES E ENCAMINHAMENTOS<\/p>\n<p>17: 30hs \u2013 ENCERRAMENTO<\/p>\n<p><a href=\"http:\/\/forumdesaudenosistemapenitenciario.blogspot.com.br\/\"> http:\/\/forumdesaudenosistemapenitenciario.blogspot.com.br\/<\/a><\/p>\n","protected":false},"excerpt":{"rendered":"<p>X F\u00f3rum Permanente de Sa\u00fade no Sistema Penitenci\u00e1ria (FPSSP-RJ): Avaliando os movimentos do FPSSP-RJ e das a\u00e7\u00f5es interinstitucionais na pol\u00edtica de sa\u00fade no sistema penitenci\u00e1rio. Dia: 9 de agosto de 2013 Local: audit\u00f3rio do Conselho Regional de Psicologia (CRP-RJ) \u2013 Rua Delgado de Carvalho, n\u00ba 53. Tijuca (Largo da 2\u00aa Feira &#8211; pr\u00f3ximo \u00e0 esta\u00e7\u00e3o [&hellip;]<\/p>\n","protected":false},"author":13,"featured_media":0,"comment_status":"open","ping_status":"closed","sticky":false,"template":"","format":"standard","meta":{"inline_featured_image":false,"footnotes":""},"categories":[1],"tags":[],"anos":[],"projetos":[],"autorias":[],"eixos_tematicos":[],"locais":[],"pessoas":[],"estado":[],"academia":[],"sociedade_civil":[],"class_list":["post-6633","post","type-post","status-publish","format-standard","hentry","category-noticias"],"_links":{"self":[{"href":"https:\/\/staging.forumjustica.com.br\/en\/wp-json\/wp\/v2\/posts\/6633","targetHints":{"allow":["GET"]}}],"collection":[{"href":"https:\/\/staging.forumjustica.com.br\/en\/wp-json\/wp\/v2\/posts"}],"about":[{"href":"https:\/\/staging.forumjustica.com.br\/en\/wp-json\/wp\/v2\/types\/post"}],"author":[{"embeddable":true,"href":"https:\/\/staging.forumjustica.com.br\/en\/wp-json\/wp\/v2\/users\/13"}],"replies":[{"embeddable":true,"href":"https:\/\/staging.forumjustica.com.br\/en\/wp-json\/wp\/v2\/comments?post=6633"}],"version-history":[{"count":1,"href":"https:\/\/staging.forumjustica.com.br\/en\/wp-json\/wp\/v2\/posts\/6633\/revisions"}],"predecessor-version":[{"id":17563,"href":"https:\/\/staging.forumjustica.com.br\/en\/wp-json\/wp\/v2\/posts\/6633\/revisions\/17563"}],"wp:attachment":[{"href":"https:\/\/staging.forumjustica.com.br\/en\/wp-json\/wp\/v2\/media?parent=6633"}],"wp:term":[{"taxonomy":"category","embeddable":true,"href":"https:\/\/staging.forumjustica.com.br\/en\/wp-json\/wp\/v2\/categories?post=6633"},{"taxonomy":"post_tag","embeddable":true,"href":"https:\/\/staging.forumjustica.com.br\/en\/wp-json\/wp\/v2\/tags?post=6633"},{"taxonomy":"anos","embeddable":true,"href":"https:\/\/staging.forumjustica.com.br\/en\/wp-json\/wp\/v2\/anos?post=6633"},{"taxonomy":"projetos","embeddable":true,"href":"https:\/\/staging.forumjustica.com.br\/en\/wp-json\/wp\/v2\/projetos?post=6633"},{"taxonomy":"autorias","embeddable":true,"href":"https:\/\/staging.forumjustica.com.br\/en\/wp-json\/wp\/v2\/autorias?post=6633"},{"taxonomy":"eixos_tematicos","embeddable":true,"href":"https:\/\/staging.forumjustica.com.br\/en\/wp-json\/wp\/v2\/eixos_tematicos?post=6633"},{"taxonomy":"locais","embeddable":true,"href":"https:\/\/staging.forumjustica.com.br\/en\/wp-json\/wp\/v2\/locais?post=6633"},{"taxonomy":"pessoas","embeddable":true,"href":"https:\/\/staging.forumjustica.com.br\/en\/wp-json\/wp\/v2\/pessoas?post=6633"},{"taxonomy":"estado","embeddable":true,"href":"https:\/\/staging.forumjustica.com.br\/en\/wp-json\/wp\/v2\/estado?post=6633"},{"taxonomy":"academia","embeddable":true,"href":"https:\/\/staging.forumjustica.com.br\/en\/wp-json\/wp\/v2\/academia?post=6633"},{"taxonomy":"sociedade_civil","embeddable":true,"href":"https:\/\/staging.forumjustica.com.br\/en\/wp-json\/wp\/v2\/sociedade_civil?post=6633"}],"curies":[{"name":"wp","href":"https:\/\/api.w.org\/{rel}","templated":true}]}}