{"id":6323,"date":"2013-06-20T09:00:42","date_gmt":"2013-06-20T11:00:42","guid":{"rendered":"https:\/\/forumjustica.vlannetwork.com\/?p=6323"},"modified":"2022-09-04T21:16:16","modified_gmt":"2022-09-05T00:16:16","slug":"convite-palestra-gratuita-pec-37-investigacao-criminal-a-luz-do-estado-de-direito","status":"publish","type":"post","link":"https:\/\/staging.forumjustica.com.br\/en\/convite-palestra-gratuita-pec-37-investigacao-criminal-a-luz-do-estado-de-direito\/","title":{"rendered":"Convite: Palestra gratuita PEC 37 &#8211; INVESTIGA\u00c7\u00c3O CRIMINAL \u00c0 LUZ DO ESTADO DE DIREITO"},"content":{"rendered":"<p><a href=\"https:\/\/staging.forumjustica.com.br\/wp-content\/uploads\/2013\/06\/emerj_pec37.jpg\"><img loading=\"lazy\" decoding=\"async\" src=\"https:\/\/staging.forumjustica.com.br\/wp-content\/uploads\/2013\/06\/emerj_pec37.jpg\" alt=\"\" title=\"emerj_pec37\" width=\"353\" height=\"500\" class=\"aligncenter size-full wp-image-6324\" \/><\/a><\/p>","protected":false},"excerpt":{"rendered":"","protected":false},"author":13,"featured_media":0,"comment_status":"open","ping_status":"closed","sticky":false,"template":"","format":"standard","meta":{"inline_featured_image":false,"footnotes":""},"categories":[1],"tags":[],"anos":[],"projetos":[],"autorias":[],"eixos_tematicos":[],"locais":[],"pessoas":[],"estado":[],"academia":[],"sociedade_civil":[],"class_list":["post-6323","post","type-post","status-publish","format-standard","hentry","category-noticias"],"_links":{"self":[{"href":"https:\/\/staging.forumjustica.com.br\/en\/wp-json\/wp\/v2\/posts\/6323","targetHints":{"allow":["GET"]}}],"collection":[{"href":"https:\/\/staging.forumjustica.com.br\/en\/wp-json\/wp\/v2\/posts"}],"about":[{"href":"https:\/\/staging.forumjustica.com.br\/en\/wp-json\/wp\/v2\/types\/post"}],"author":[{"embeddable":true,"href":"https:\/\/staging.forumjustica.com.br\/en\/wp-json\/wp\/v2\/users\/13"}],"replies":[{"embeddable":true,"href":"https:\/\/staging.forumjustica.com.br\/en\/wp-json\/wp\/v2\/comments?post=6323"}],"version-history":[{"count":1,"href":"https:\/\/staging.forumjustica.com.br\/en\/wp-json\/wp\/v2\/posts\/6323\/revisions"}],"predecessor-version":[{"id":17610,"href":"https:\/\/staging.forumjustica.com.br\/en\/wp-json\/wp\/v2\/posts\/6323\/revisions\/17610"}],"wp:attachment":[{"href":"https:\/\/staging.forumjustica.com.br\/en\/wp-json\/wp\/v2\/media?parent=6323"}],"wp:term":[{"taxonomy":"category","embeddable":true,"href":"https:\/\/staging.forumjustica.com.br\/en\/wp-json\/wp\/v2\/categories?post=6323"},{"taxonomy":"post_tag","embeddable":true,"href":"https:\/\/staging.forumjustica.com.br\/en\/wp-json\/wp\/v2\/tags?post=6323"},{"taxonomy":"anos","embeddable":true,"href":"https:\/\/staging.forumjustica.com.br\/en\/wp-json\/wp\/v2\/anos?post=6323"},{"taxonomy":"projetos","embeddable":true,"href":"https:\/\/staging.forumjustica.com.br\/en\/wp-json\/wp\/v2\/projetos?post=6323"},{"taxonomy":"autorias","embeddable":true,"href":"https:\/\/staging.forumjustica.com.br\/en\/wp-json\/wp\/v2\/autorias?post=6323"},{"taxonomy":"eixos_tematicos","embeddable":true,"href":"https:\/\/staging.forumjustica.com.br\/en\/wp-json\/wp\/v2\/eixos_tematicos?post=6323"},{"taxonomy":"locais","embeddable":true,"href":"https:\/\/staging.forumjustica.com.br\/en\/wp-json\/wp\/v2\/locais?post=6323"},{"taxonomy":"pessoas","embeddable":true,"href":"https:\/\/staging.forumjustica.com.br\/en\/wp-json\/wp\/v2\/pessoas?post=6323"},{"taxonomy":"estado","embeddable":true,"href":"https:\/\/staging.forumjustica.com.br\/en\/wp-json\/wp\/v2\/estado?post=6323"},{"taxonomy":"academia","embeddable":true,"href":"https:\/\/staging.forumjustica.com.br\/en\/wp-json\/wp\/v2\/academia?post=6323"},{"taxonomy":"sociedade_civil","embeddable":true,"href":"https:\/\/staging.forumjustica.com.br\/en\/wp-json\/wp\/v2\/sociedade_civil?post=6323"}],"curies":[{"name":"wp","href":"https:\/\/api.w.org\/{rel}","templated":true}]}}