{"id":6311,"date":"2013-06-19T12:00:17","date_gmt":"2013-06-19T14:00:17","guid":{"rendered":"https:\/\/forumjustica.vlannetwork.com\/?p=6311"},"modified":"2022-09-04T21:16:16","modified_gmt":"2022-09-05T00:16:16","slug":"renap-manifesto-de-repudio-as-propostas-de-tipificacao-do-crime-de-terrorismo","status":"publish","type":"post","link":"https:\/\/staging.forumjustica.com.br\/en\/renap-manifesto-de-repudio-as-propostas-de-tipificacao-do-crime-de-terrorismo\/","title":{"rendered":"RENAP &#8211; Manifesto de rep\u00fadio \u00e0s propostas de tipifica\u00e7\u00e3o do crime de Terrorismo"},"content":{"rendered":"<p><a href=\"https:\/\/staging.forumjustica.com.br\/wp-content\/uploads\/2013\/06\/logo-renap1.png\"><img loading=\"lazy\" decoding=\"async\" src=\"https:\/\/staging.forumjustica.com.br\/wp-content\/uploads\/2013\/06\/logo-renap1.png\" alt=\"\" title=\"logo renap\" width=\"221\" height=\"100\" class=\"aligncenter size-full wp-image-6312\" \/><\/a><\/p>\n<p><strong>Manifesto da Rede Nacional de Advogadas e Advogados Populares de rep\u00fadio \u00e0s propostas de tipifica\u00e7\u00e3o do crime de Terrorismo<\/strong><\/p>\n<p>A Rede Nacional de Advogadas e Advogados Populares \u2013 RENAP vem, por meio deste manifesto, repudiar as propostas para a tipifica\u00e7\u00e3o do crime de Terrorismo que est\u00e3o sendo debatidas no Congresso Nacional, atrav\u00e9s da comiss\u00e3o mista, com propostas do Senador Romero Juc\u00e1 e Deputado Miro Teixeira.<\/p>\n<p>Primeiramente, \u00e9 necess\u00e1rio destacar que tal tipifica\u00e7\u00e3o surge num momento cr\u00edtico em rela\u00e7\u00e3o ao avan\u00e7o da tutela penal frente aos direitos e garantias conquistados pelos diversos movimentos democr\u00e1ticos. Nos \u00faltimos anos, houve uma intensifica\u00e7\u00e3o da criminaliza\u00e7\u00e3o de grupos e movimentos reivindicat\u00f3rios, sobretudo pelas institui\u00e7\u00f5es e agentes do sistema de justi\u00e7a e seguran\u00e7a p\u00fablica. In\u00fameros militantes de movimentos sociais foram e est\u00e3o sendo, atrav\u00e9s de suas lutas cotidianas, injustamente enquadrados em tipos penais como desobedi\u00eancia, quadrilha, esbulho, dano, dentre outros, em total desacordo com o princ\u00edpio democr\u00e1tico proposto pela Constitui\u00e7\u00e3o de 1988.<\/p>\n<p>Neste limiar, a aprova\u00e7\u00e3o pelo Congresso Nacional, de uma proposta que tipifique o crime de Terrorismo ir\u00e1 apenas incrementar o j\u00e1 t\u00e3o aclamado Estado Penal segregacionista, que funciona mais como mecanismo de conten\u00e7\u00e3o das lutas sociais democr\u00e1ticas e elimina\u00e7\u00e3o seletiva de uma classe da popula\u00e7\u00e3o brasileira. Nesta linha, o inimigo que se busca combater para determinados setores conservadores brasileiros, que permanecem influindo nos Poderes Executivo, Legislativo e Judici\u00e1rio, \u00e9 interno, concentrando-se, sobretudo, nos movimentos populares que reivindicam mudan\u00e7as profundas na sociedade brasileira.<br \/>\nDentre as v\u00e1rias propostas, destaca-se o Projeto de Lei de relatoria do Senador Romero Juc\u00e1, que em seu art. 2\u00ba define o que seria considerado como Terrorismo: \u201cArt. 2\u00ba \u2013 Provocar ou infundir terror ou p\u00e2nico generalizado mediante ofensa \u00e0 vida, \u00e0 integridade f\u00edsica ou \u00e0 sa\u00fade ou \u00e0 priva\u00e7\u00e3o da liberdade de pessoa, por motivo ideol\u00f3gico, religioso, pol\u00edtico ou de preconceito racial ou \u00e9tnico: Pena \u2013 Reclus\u00e3o de 15 a 30 anos\u201d.<\/p>\n<p>Trata-se, inicialmente, de uma defini\u00e7\u00e3o deveras abstrata, pois os dois verbos provocar e infundir s\u00e3o complementados pelos substantivos terror e p\u00e2nico. Quem definiria o que seria terror e p\u00e2nico? Como seria a classifica\u00e7\u00e3o do terror e p\u00e2nico generalizado? Ora, esta enorme abstra\u00e7\u00e3o traz uma margem de liberdade muito grande para quem vai apurar e julgar o crime. Al\u00e9m disso, esse terror ou p\u00e2nico generalizado, j\u00e1 de dif\u00edcil conceitua\u00e7\u00e3o, poderia ser causado, segundo a proposta, por motivos ideol\u00f3gicos e pol\u00edticos, o que amplia ainda mais o grau de abstra\u00e7\u00e3o e inconstitucionalidade da proposta.<\/p>\n<p>\u00c9 sabido que as lutas e manifesta\u00e7\u00f5es de diversos movimentos sociais s\u00e3o causadas por motivos ideol\u00f3gicos e pol\u00edticos, o que, certamente, \u00e9 amplamente resguardado pela nossa Constitui\u00e7\u00e3o. Assim, fica claro que este dispositivo caso seja aprovado, ser\u00e1 utilizado pelos setores conservadores contra manifesta\u00e7\u00f5es leg\u00edtimas dos diversos movimentos sociais, j\u00e1 que tais lutas s\u00e3o realmente capazes de trazer indigna\u00e7\u00e3o para quem h\u00e1 muito sobrevive de privil\u00e9gios sociais.<\/p>\n<p>Tamb\u00e9m a proposta do Deputado Miro Teixeira revela o car\u00e1ter repressivo contra manifesta\u00e7\u00f5es sociais, evidenciada em um dos oito incisos que tipifica a conduta criminosa: \u201cIncendiar, depredar, saquear, destruir ou explodir meios de transporte ou qualquer bem p\u00fablico ou privado\u201d. Verifica-se, portanto, que as propostas s\u00e3o constru\u00eddas sobre verdadeiros equ\u00edvocos pol\u00edticos e jur\u00eddicos, passando ao largo de qualquer fundamento ou motiva\u00e7\u00e3o de legitimidade.<\/p>\n<p>Agregue-se, ainda, o cen\u00e1rio de repress\u00e3o e legisla\u00e7\u00e3o de exce\u00e7\u00e3o paulatinamente institu\u00eddos pela agenda internacional dos grandes eventos esportivos, solapando a soberania pol\u00edtica, econ\u00f4mica, social e cultural do povo brasileiro, e a f\u00f3rmula dos fundamentos e motiva\u00e7\u00f5es da tipifica\u00e7\u00e3o do crime de terrorismo se completa, revelando a sua dimens\u00e3o de fascismo de estado, incompat\u00edvel com os anseios de uma sociedade livre, justa e solid\u00e1ria.<\/p>\n<p>Desta maneira, a RENAP mostra-se contr\u00e1ria a estas propostas de tipifica\u00e7\u00e3o do crime de Terrorismo que, sobretudo, tendem muito mais a reprimir e controlar manifesta\u00e7\u00f5es de grupos organizados, diante de um cen\u00e1rio j\u00e1 absolutamente desfavor\u00e1vel \u00e0s lutas sociais como estamos vendo em todo o Brasil.<\/p>","protected":false},"excerpt":{"rendered":"<p>Manifesto da Rede Nacional de Advogadas e Advogados Populares de rep\u00fadio \u00e0s propostas de tipifica\u00e7\u00e3o do crime de Terrorismo A Rede Nacional de Advogadas e Advogados Populares \u2013 RENAP vem, por meio deste manifesto, repudiar as propostas para a tipifica\u00e7\u00e3o do crime de Terrorismo que est\u00e3o sendo debatidas no Congresso Nacional, atrav\u00e9s da comiss\u00e3o mista, [&hellip;]<\/p>\n","protected":false},"author":13,"featured_media":0,"comment_status":"open","ping_status":"closed","sticky":false,"template":"","format":"standard","meta":{"inline_featured_image":false,"footnotes":""},"categories":[1],"tags":[],"anos":[],"projetos":[],"autorias":[],"eixos_tematicos":[],"locais":[],"pessoas":[],"estado":[],"academia":[],"sociedade_civil":[],"class_list":["post-6311","post","type-post","status-publish","format-standard","hentry","category-noticias"],"_links":{"self":[{"href":"https:\/\/staging.forumjustica.com.br\/en\/wp-json\/wp\/v2\/posts\/6311","targetHints":{"allow":["GET"]}}],"collection":[{"href":"https:\/\/staging.forumjustica.com.br\/en\/wp-json\/wp\/v2\/posts"}],"about":[{"href":"https:\/\/staging.forumjustica.com.br\/en\/wp-json\/wp\/v2\/types\/post"}],"author":[{"embeddable":true,"href":"https:\/\/staging.forumjustica.com.br\/en\/wp-json\/wp\/v2\/users\/13"}],"replies":[{"embeddable":true,"href":"https:\/\/staging.forumjustica.com.br\/en\/wp-json\/wp\/v2\/comments?post=6311"}],"version-history":[{"count":1,"href":"https:\/\/staging.forumjustica.com.br\/en\/wp-json\/wp\/v2\/posts\/6311\/revisions"}],"predecessor-version":[{"id":17611,"href":"https:\/\/staging.forumjustica.com.br\/en\/wp-json\/wp\/v2\/posts\/6311\/revisions\/17611"}],"wp:attachment":[{"href":"https:\/\/staging.forumjustica.com.br\/en\/wp-json\/wp\/v2\/media?parent=6311"}],"wp:term":[{"taxonomy":"category","embeddable":true,"href":"https:\/\/staging.forumjustica.com.br\/en\/wp-json\/wp\/v2\/categories?post=6311"},{"taxonomy":"post_tag","embeddable":true,"href":"https:\/\/staging.forumjustica.com.br\/en\/wp-json\/wp\/v2\/tags?post=6311"},{"taxonomy":"anos","embeddable":true,"href":"https:\/\/staging.forumjustica.com.br\/en\/wp-json\/wp\/v2\/anos?post=6311"},{"taxonomy":"projetos","embeddable":true,"href":"https:\/\/staging.forumjustica.com.br\/en\/wp-json\/wp\/v2\/projetos?post=6311"},{"taxonomy":"autorias","embeddable":true,"href":"https:\/\/staging.forumjustica.com.br\/en\/wp-json\/wp\/v2\/autorias?post=6311"},{"taxonomy":"eixos_tematicos","embeddable":true,"href":"https:\/\/staging.forumjustica.com.br\/en\/wp-json\/wp\/v2\/eixos_tematicos?post=6311"},{"taxonomy":"locais","embeddable":true,"href":"https:\/\/staging.forumjustica.com.br\/en\/wp-json\/wp\/v2\/locais?post=6311"},{"taxonomy":"pessoas","embeddable":true,"href":"https:\/\/staging.forumjustica.com.br\/en\/wp-json\/wp\/v2\/pessoas?post=6311"},{"taxonomy":"estado","embeddable":true,"href":"https:\/\/staging.forumjustica.com.br\/en\/wp-json\/wp\/v2\/estado?post=6311"},{"taxonomy":"academia","embeddable":true,"href":"https:\/\/staging.forumjustica.com.br\/en\/wp-json\/wp\/v2\/academia?post=6311"},{"taxonomy":"sociedade_civil","embeddable":true,"href":"https:\/\/staging.forumjustica.com.br\/en\/wp-json\/wp\/v2\/sociedade_civil?post=6311"}],"curies":[{"name":"wp","href":"https:\/\/api.w.org\/{rel}","templated":true}]}}