{"id":6116,"date":"2013-05-28T12:00:01","date_gmt":"2013-05-28T14:00:01","guid":{"rendered":"https:\/\/forumjustica.vlannetwork.com\/?p=6116"},"modified":"2022-09-04T21:16:17","modified_gmt":"2022-09-05T00:16:17","slug":"remocoes-forcadas-para-copa-2014-e-olimpiadas-2016-no-brasil-serao-tratadas-nesta-terca-feira-dia-28-de-maio-em-sessao-e-side-event-do-conselho-de-direitos-humanos-da-onu","status":"publish","type":"post","link":"https:\/\/staging.forumjustica.com.br\/en\/remocoes-forcadas-para-copa-2014-e-olimpiadas-2016-no-brasil-serao-tratadas-nesta-terca-feira-dia-28-de-maio-em-sessao-e-side-event-do-conselho-de-direitos-humanos-da-onu\/","title":{"rendered":"Remo\u00e7\u00f5es for\u00e7adas para Copa 2014 e Olimp\u00edadas 2016 no Brasil ser\u00e3o tratadas nesta ter\u00e7a-feira, dia 28 de maio, em sess\u00e3o e &quot;side event&quot; do Conselho de Direitos Humanos da ONU"},"content":{"rendered":"<div id=\"attachment_6117\" style=\"width: 790px\" class=\"wp-caption aligncenter\"><a href=\"https:\/\/staging.forumjustica.com.br\/wp-content\/uploads\/2013\/05\/filme.jpg\"><img loading=\"lazy\" decoding=\"async\" aria-describedby=\"caption-attachment-6117\" src=\"https:\/\/staging.forumjustica.com.br\/wp-content\/uploads\/2013\/05\/filme.jpg\" alt=\"\" title=\"filme\" width=\"780\" height=\"519\" class=\"size-full wp-image-6117\" \/><\/a><p id=\"caption-attachment-6117\" class=\"wp-caption-text\">*imagem da capa do filme que ser\u00e1 lan\u00e7ado nesta ter\u00e7a-feira<\/p><\/div>\n<p>Acontece nessa ter\u00e7a, 28 de maio, a 23\u00aa sess\u00e3o do Conselho de Direitos Humanos da ONU, em Genebra, na Su\u00ed\u00e7a. Em parceria com a Conectas Direitos Humanos, a representante da Articula\u00e7\u00e3o Nacional dos Comit\u00eas Populares da Copa (ANCOP) Larissa Ara\u00fajo far\u00e1 lan\u00e7amento internacional da campanha Copa para quem?, que visa denunciar na comunidade internacional as viola\u00e7\u00f5es de direitos humanos decorrentes dos mega-eventos.<\/p>\n<p>Durante a sess\u00e3o, a interven\u00e7\u00e3o da ANCOP pedir\u00e1 que o Conselho diga ao governo brasileiro que pare imediatamente as remo\u00e7\u00f5es for\u00e7adas e, em parceria com as comunidades afetadas, crie um plano nacional de repara\u00e7\u00f5es e um protocolo que garanta os direitos humanos em caso de despejos causadas por grandes eventos e projetos. Durante o side event \u201cWorld Cup for Whom? Red card to the World Cup and Olympics in Brazil: Stop human rights violations arising from mega sporting events\u201d, que acontece no dia 28 de maio, \u00e0s 12 horas, na sala IX, sera lan\u00e7ado o v\u00eddeo da campanha, \u201cWho wins this match?, seguido de um debate.<\/p>\n<p>As remo\u00e7\u00f5es for\u00e7adas t\u00eam sido o grande drama das fam\u00edlias brasileiras desde o in\u00edcio das obras para a Copa do Mundo e \u00e0s Olimp\u00edadas. Estima-se que pelo menos 200 mil pessoas estejam passando por despejos relacionados aos eventos, o que corresponde a quase um em cada mil brasileiros. A Relatora Especial da ONU sobre Direito \u00e0 Moradia Adequada, a brasileira Raquel Rolnik, apresentou, na sess\u00e3o passada, seu novo relat\u00f3rio que tem como tema a seguran\u00e7a da posse como componente do direito \u00e0 moradia. O estudo de Rolnik foi produzido em meio \u00e0 crise mundial de inseguran\u00e7a da posse, que se manifesta de muitas maneiras e em contextos distintos: despejos for\u00e7ados, deslocamentos causados por grandes projetos, cat\u00e1strofes naturais e conflitos relacionados \u00e0 terra.<\/p>\n<p>A ANCOP j\u00e1 submeteu den\u00fancias para a Relatoria Especial e para a Revis\u00e3o Peri\u00f3dica Universal da ONU em outras ocasi\u00f5es, que serviram de base para a Resolu\u00e7\u00e3o13\/2010 sobre megaeventos e direito \u00e0 moradia, para duas cartas sobre o tema (em 2011 e 2012) da Relatoria Especial da ONU para o governo brasileiro, e gerou recomenda\u00e7\u00f5es espec\u00edficas do Conselho da ONU ao Brasil durante seu encontro em maio de 2012.<\/p>\n<p>A Articula\u00e7\u00e3o Nacional dos Comit\u00eas Populares da Copa re\u00fane movimentos sociais, organiza\u00e7\u00f5es, representantes de comunidades, pesquisadores e outras entidades e pessoas cr\u00edticas \u00e0 forma como est\u00e3o sendo feitas as transforma\u00e7\u00f5es urbanas para a Copa do Mundo e as Olimp\u00edadas. Em dezembro de 2011, o grupo lan\u00e7ou o dossi\u00ea Megaeventos e Viola\u00e7\u00f5es de Direitos Humanos no Brasil, e o Sum\u00e1rio Executivo do Dossi\u00ea em ingl\u00eas, que re\u00fanem dados e informa\u00e7\u00f5es sobre impactos de obras e transforma\u00e7\u00f5es urbanas realizadas para a Copa do Mundo de 2014 e para as Olimp\u00edadas de 2016. Al\u00e9m disso, no \u00faltimo 18 de maio (dia de combate \u00e0 explora\u00e7\u00e3o sexual infanto-juvenil no Brasil) ANCOP lan\u00e7ou em parceria com a rede de nacional de prote\u00e7\u00e3o aos direitos da crian\u00e7a e do adolescente, uma <a href=\"http:\/\/www.change.org\/pt-BR\/peti%C3%A7%C3%B5es\/governo-federal-entre-em-campo-pelos-direitos-de-crian%C3%A7as-e-adolescentes?utm_campaign=signature_receipt&#038;utm_medium=email&#038;utm_source=share_petition\">peti\u00e7\u00e3o p\u00fablica <\/a>que reivindica a cria\u00e7\u00e3o de uma campanha nacional de prote\u00e7\u00e3o \u00e0 explora\u00e7\u00e3o sexual infanto juvenil na Copa de 2014 e Ol\u00edmpiadas de 2016<\/p>\n<p>Os Comit\u00eas Populares est\u00e3o nas 12 cidades-sede da Copa: Belo Horizonte, Bras\u00edlia, Cuiab\u00e1, Curitiba, Fortaleza, Manaus, Natal, Porto Alegre, Recife, Rio de Janeiro, Salvador e S\u00e3o Paulo.<\/p>\n<p>O site pode ser acessado no endere\u00e7o <a href=\"http:\/\/portalpopulardacopa.org.br\/\">http:\/\/portalpopulardacopa.org.br\/<\/a>.<\/p>\n<p>Tamb\u00e9m tiveram importante contribui\u00e7\u00e3o neste lan\u00e7amento as organiza\u00e7\u00f5es DKA, Terre Des Homme e Witness.<\/p>\n<p>Mais informa\u00e7\u00f5es: Larissa Ara\u00fajo +55 61 96845609 Argemiro Almeida +55 31 7510-5049 Francisco Carneiro &#8211; +55 61 9222-1658 Andr\u00e9 Lima &#8211; +55 85 9922-2757 Assessoria de comunica\u00e7\u00e3o: Renato Cosentino &#8211; +55 21 8267-2760<\/p>\n","protected":false},"excerpt":{"rendered":"<p>Acontece nessa ter\u00e7a, 28 de maio, a 23\u00aa sess\u00e3o do Conselho de Direitos Humanos da ONU, em Genebra, na Su\u00ed\u00e7a. Em parceria com a Conectas Direitos Humanos, a representante da Articula\u00e7\u00e3o Nacional dos Comit\u00eas Populares da Copa (ANCOP) Larissa Ara\u00fajo far\u00e1 lan\u00e7amento internacional da campanha Copa para quem?, que visa denunciar na comunidade internacional as [&hellip;]<\/p>\n","protected":false},"author":13,"featured_media":0,"comment_status":"open","ping_status":"closed","sticky":false,"template":"","format":"standard","meta":{"inline_featured_image":false,"footnotes":""},"categories":[1],"tags":[],"anos":[],"projetos":[],"autorias":[],"eixos_tematicos":[],"locais":[],"pessoas":[],"estado":[],"academia":[],"sociedade_civil":[],"class_list":["post-6116","post","type-post","status-publish","format-standard","hentry","category-noticias"],"_links":{"self":[{"href":"https:\/\/staging.forumjustica.com.br\/en\/wp-json\/wp\/v2\/posts\/6116","targetHints":{"allow":["GET"]}}],"collection":[{"href":"https:\/\/staging.forumjustica.com.br\/en\/wp-json\/wp\/v2\/posts"}],"about":[{"href":"https:\/\/staging.forumjustica.com.br\/en\/wp-json\/wp\/v2\/types\/post"}],"author":[{"embeddable":true,"href":"https:\/\/staging.forumjustica.com.br\/en\/wp-json\/wp\/v2\/users\/13"}],"replies":[{"embeddable":true,"href":"https:\/\/staging.forumjustica.com.br\/en\/wp-json\/wp\/v2\/comments?post=6116"}],"version-history":[{"count":1,"href":"https:\/\/staging.forumjustica.com.br\/en\/wp-json\/wp\/v2\/posts\/6116\/revisions"}],"predecessor-version":[{"id":17641,"href":"https:\/\/staging.forumjustica.com.br\/en\/wp-json\/wp\/v2\/posts\/6116\/revisions\/17641"}],"wp:attachment":[{"href":"https:\/\/staging.forumjustica.com.br\/en\/wp-json\/wp\/v2\/media?parent=6116"}],"wp:term":[{"taxonomy":"category","embeddable":true,"href":"https:\/\/staging.forumjustica.com.br\/en\/wp-json\/wp\/v2\/categories?post=6116"},{"taxonomy":"post_tag","embeddable":true,"href":"https:\/\/staging.forumjustica.com.br\/en\/wp-json\/wp\/v2\/tags?post=6116"},{"taxonomy":"anos","embeddable":true,"href":"https:\/\/staging.forumjustica.com.br\/en\/wp-json\/wp\/v2\/anos?post=6116"},{"taxonomy":"projetos","embeddable":true,"href":"https:\/\/staging.forumjustica.com.br\/en\/wp-json\/wp\/v2\/projetos?post=6116"},{"taxonomy":"autorias","embeddable":true,"href":"https:\/\/staging.forumjustica.com.br\/en\/wp-json\/wp\/v2\/autorias?post=6116"},{"taxonomy":"eixos_tematicos","embeddable":true,"href":"https:\/\/staging.forumjustica.com.br\/en\/wp-json\/wp\/v2\/eixos_tematicos?post=6116"},{"taxonomy":"locais","embeddable":true,"href":"https:\/\/staging.forumjustica.com.br\/en\/wp-json\/wp\/v2\/locais?post=6116"},{"taxonomy":"pessoas","embeddable":true,"href":"https:\/\/staging.forumjustica.com.br\/en\/wp-json\/wp\/v2\/pessoas?post=6116"},{"taxonomy":"estado","embeddable":true,"href":"https:\/\/staging.forumjustica.com.br\/en\/wp-json\/wp\/v2\/estado?post=6116"},{"taxonomy":"academia","embeddable":true,"href":"https:\/\/staging.forumjustica.com.br\/en\/wp-json\/wp\/v2\/academia?post=6116"},{"taxonomy":"sociedade_civil","embeddable":true,"href":"https:\/\/staging.forumjustica.com.br\/en\/wp-json\/wp\/v2\/sociedade_civil?post=6116"}],"curies":[{"name":"wp","href":"https:\/\/api.w.org\/{rel}","templated":true}]}}