{"id":6100,"date":"2013-05-27T09:00:56","date_gmt":"2013-05-27T11:00:56","guid":{"rendered":"https:\/\/forumjustica.vlannetwork.com\/?p=6100"},"modified":"2022-09-04T21:16:17","modified_gmt":"2022-09-05T00:16:17","slug":"v-coloquio-interamericado-de-educacao-em-direitos-humanos-fronteiras-e-horizontes-comuns-em-edh-iv-pensar-direitos-humanos","status":"publish","type":"post","link":"https:\/\/staging.forumjustica.com.br\/en\/v-coloquio-interamericado-de-educacao-em-direitos-humanos-fronteiras-e-horizontes-comuns-em-edh-iv-pensar-direitos-humanos\/","title":{"rendered":"V COL\u00d3QUIO INTERAMERICADO DE EDUCA\u00c7\u00c3O EM DIREITOS HUMANOS: Fronteiras e Horizontes Comuns em EDH &#8211; IV PENSAR DIREITOS HUMANOS"},"content":{"rendered":"<p><a href=\"https:\/\/staging.forumjustica.com.br\/wp-content\/uploads\/2013\/05\/logotipo.jpg\"><img loading=\"lazy\" decoding=\"async\" src=\"https:\/\/staging.forumjustica.com.br\/wp-content\/uploads\/2013\/05\/logotipo.jpg\" alt=\"\" title=\"Educa\u00e7\u00e3o para Diversidade e Cidadania\" width=\"720\" height=\"100\" class=\"aligncenter size-full wp-image-6101\" \/><\/a><\/p>\n<p><strong>ATEN\u00c7\u00c3O: PRAZO PARA SUBMISS\u00c3O DE TRABALHOS PRORROGADO AT\u00c9 27\/05\/13<\/strong><\/p>\n<p><a href=\"https:\/\/docs.google.com\/file\/d\/0Bx2bI_IywFGJUHZwLWpKejBZSm8\/edit\">Clique aqui para acessar a convocat\u00f3ria em espanhol<\/a><\/p>\n<p>O primeiro Col\u00f3quio Interamericano de Educa\u00e7\u00e3o em Direitos Humanos foi realizado, em 2006, por iniciativa de uma equipe de pesquisadores da Universidade Nacional de Quilmes, Argentina.  Em 2011, com o apoio do Minist\u00e9rio da Educa\u00e7\u00e3o da Argentina, criou-se a Rede de Interc\u00e2mbio de Experi\u00eancias de Educa\u00e7\u00e3o em Direitos Humanos (RIEEPEDH). A RIEEPEDH  passou a reunir e articular pesquisadores de diferentes pa\u00edses latino-americanos como o prop\u00f3sito de aprofundar estudos sobre quest\u00f5es conceituais e pr\u00e1ticas referentes \u00e0 Educa\u00e7\u00e3o em Direitos Humanos.<\/p>\n<p>Dos quatro col\u00f3quios realizados, tr\u00eas foram organizados na Argentina e um no Chile:<br \/>\n&#8211; O I Coloquio Interamericano sobre Educaci\u00f3n en Derechos Humanos \u2013 \u201cExperiencias, Problemas y Desafios\u201d ocorreu em 2006, na Universidad Nacional de Quilmes (UNQ) tendo como parceiros o Instituto de Derechos Humanos de la Facultad de Ciencias Jur\u00eddicas y Sociales de la Universidad Nacional de La Plata y el Instituto Interamericano de Derechos Humanos (IIDH). Foram tr\u00eas os eixos tem\u00e1ticos do encontro: \u2018o direito \u00e0 educa\u00e7\u00e3o\u2019, \u2018os direitos humanos como conte\u00fado educativo\u2019 e \u2018os direitos humanos na pr\u00e1tica educativa\u2019 Dele participaram pesquisadores do Brasil, Uruguai, Chile, Paraguai, Costa Rica, M\u00e9xico e Venezuela;<br \/>\n&#8211; Em 2008, o II Coloquio Interamericano sobre Educaci\u00f3n en Derechos Humanos \u2013 \u201cLa Pr\u00e1ctica Educativa\u201d realizou-se tamb\u00e9m realizado na Universidad Nacional de Quilmes, em parceria com a Universidad de La Plata (UNLP) e contou com novos integrantes como Asociaci\u00f3n de Universidades Confiadas a la Compa\u00f1\u00eda de Jes\u00fas en Am\u00e9rica Latina (AUSJAL); la Universidad Academia de Humanismo Cristiano (Chile) y el Centro de Derechos Humanos de la Universidad de Lan\u00fas (UNLa);<br \/>\n&#8211;  O III Coloquio Interamericano sobre Educaci\u00f3n en Derechos Humanos \u2013  \u201cTrajet\u00f3rias, Fortaleza, Propuestas\u201d foi realizado em maio de 2011, na cidade de Quilmes, prov\u00edncia de Buenos Aires \u2013 Argentina. Nesta oportunidade o Comit\u00ea Acad\u00eamico organizou 13 mesas tem\u00e1ticas, recebendo mais de cem trabalhos de v\u00e1rias cidades das distintas prov\u00edncias de Argentina e dos pa\u00edses: Paraguai, Chile, Costa Rica, Bol\u00edvia, Col\u00f4mbia, Brasil, M\u00e9xico, Portugal e Alemanha.<br \/>\n&#8211;  O IV Coloquio Interamericano sobre Educaci\u00f3n en Derechos Humanos \u2013 \u201cExperiencias Did\u00e1ctico-Pedag\u00f3gicas de la EDH: Aprendizajes y desaf\u00edos para la consolidaci\u00f3n de una cultura respetuosa de los derechos humanos&#8221; aconteceu em setembro de 2012, na cidade de Santiago de Chile, com mais de 280 participantes. O evento, organizado pelo Instituto Nacional de Derechos Humanos de Chile e pela UNQ, contou mais uma vez com a presen\u00e7a de pesquisadores, organiza\u00e7\u00f5es da sociedade civil, docentes, estudantes e institui\u00e7\u00f5es p\u00fablicas e privadas de diversos pa\u00edses de Am\u00e9rica Latina.<\/p>\n<p>Brasil e a UFG<\/p>\n<p>A escolha do Brasil, para sediar essa quinta edi\u00e7\u00e3o, foi uma decis\u00e3o tomada no processo preparat\u00f3rio do IV Col\u00f3quio, e teve como ponto central problematizar e avaliar os recentes avan\u00e7os institucionais no campo da EDH. O reconhecimento das conven\u00e7\u00f5es internacionais no campo dos direitos humanos e o atendimento a algumas reivindica\u00e7\u00f5es anteriormente reprimidas fizeram a quest\u00e3o dos direitos humanos afirmar-se como pol\u00edtica de Estado, o que estimulou diferentes governos nacionais assumir, em outras frentes, o compromisso de implementar no pa\u00eds o Programa Mundial de Educa\u00e7\u00e3o para os Direitos Humanos (PMEDH) e seu Plano de A\u00e7\u00e3o. Tais documentos defendem que a promo\u00e7\u00e3o da EDH permitir\u00e1 ao sistema educacional alcan\u00e7ar sua principal miss\u00e3o: assegurar a educa\u00e7\u00e3o de qualidade para todos, que se efetiva mediante seus objetivos espec\u00edficos. Com base nesse instrumento e recomenda\u00e7\u00f5es internacionais, foi institu\u00eddo, no Brasil, o Comit\u00ea Nacional de Educa\u00e7\u00e3o em Direitos Humanos (CNEDH) e aprovou-se o Plano Nacional de Educa\u00e7\u00e3o em Direitos Humanos dentro de um contexto, em que a tem\u00e1tica dos direitos humanos adquiriu elevada significa\u00e7\u00e3o hist\u00f3rica, como resposta \u00e0 extens\u00e3o das formas de viol\u00eancia social e pol\u00edtica vivenciada nas d\u00e9cadas de 1960 e 1970 (ver PNEDH: 2006, p. 22).<\/p>\n<p>A UFG aceitou sediar o V Col\u00f3quio em fun\u00e7\u00e3o de seus 12 anos institucionalidade no campo da EDH. J\u00e1 em 1999, por meio da Pr\u00f3-Reitoria de Extens\u00e3o e Cultura (proec), a UFG lan\u00e7ou seu Programa de Direitos Humanos e em 2010 o reconheceu como N\u00facleo Interdisciplinar de Estudos e Pesquisas em Direitos Humanos (NDH), vinculado diretamente a Pr\u00f3-Reitoria de Pesquisa e P\u00f3s-Gradua\u00e7\u00e3o. Entre as diversas a\u00e7\u00f5es de ensino, extens\u00e3o e pesquisa realizadas desde ent\u00e3o pelo NDH, cabe destacar os quase 2000 profissionais participantes de diferentes cursos de forma\u00e7\u00e3o de formadores (Extens\u00e3o, Aperfei\u00e7oamento, Especializa\u00e7\u00f5es e Mestrado Acad\u00eamico Interdisciplinar em Direitos Humanos\/PPGIDH), voltados para qualificar agentes de seguran\u00e7a p\u00fablica, professores, pesquisadores, comunicadores e defensores de direitos humanos. Tamb\u00e9m, desde 2009, o NDH\/UFG promove anualmente seu semin\u00e1rio nacional \u201cPensar Direitos Humanos\u201d, que em suas tr\u00eas primeiras edi\u00e7\u00f5es reuniu mais de 600 pesquisadores de todas as regi\u00f5es brasileiras, de outros pa\u00edses latino-americanos e, bem como, do velho continente.<\/p>\n<p>Dessa forma, a organiza\u00e7\u00e3o do V Col\u00f3quio Interamericano de EDH, seminal iniciativa coordenada pela UNQ, vai absorver em seu \u00e2mbito o IV Pensar Direitos Humanos, permitindo n\u00e3o s\u00f3 o NDH\/UFG manter a periodicidade de seu principal evento, como tamb\u00e9m mostrar a for\u00e7a do ato pedag\u00f3gico fundado nos princ\u00edpios da reciprocidade, de reconhecimento e de uni\u00e3o de esfor\u00e7os que s\u00f3 o trabalho em rede, dial\u00f3gico e colegiado, permite. Ao mesmo tempo em que, a Rede de Interc\u00e2mbio de Experi\u00eancias de Educa\u00e7\u00e3o em Direitos Humanoscompromete o envolvimento de mais uma institui\u00e7\u00e3o parceira, ela reconhece e fortalece localmente o trabalho de mais de uma d\u00e9cada no campo da educa\u00e7\u00e3o em direitos Humanos.<\/p>\n","protected":false},"excerpt":{"rendered":"<p>ATEN\u00c7\u00c3O: PRAZO PARA SUBMISS\u00c3O DE TRABALHOS PRORROGADO AT\u00c9 27\/05\/13 Clique aqui para acessar a convocat\u00f3ria em espanhol O primeiro Col\u00f3quio Interamericano de Educa\u00e7\u00e3o em Direitos Humanos foi realizado, em 2006, por iniciativa de uma equipe de pesquisadores da Universidade Nacional de Quilmes, Argentina. Em 2011, com o apoio do Minist\u00e9rio da Educa\u00e7\u00e3o da Argentina, criou-se [&hellip;]<\/p>\n","protected":false},"author":13,"featured_media":0,"comment_status":"open","ping_status":"closed","sticky":false,"template":"","format":"standard","meta":{"inline_featured_image":false,"footnotes":""},"categories":[1],"tags":[],"anos":[],"projetos":[],"autorias":[],"eixos_tematicos":[],"locais":[],"pessoas":[],"estado":[],"academia":[],"sociedade_civil":[],"class_list":["post-6100","post","type-post","status-publish","format-standard","hentry","category-noticias"],"_links":{"self":[{"href":"https:\/\/staging.forumjustica.com.br\/en\/wp-json\/wp\/v2\/posts\/6100","targetHints":{"allow":["GET"]}}],"collection":[{"href":"https:\/\/staging.forumjustica.com.br\/en\/wp-json\/wp\/v2\/posts"}],"about":[{"href":"https:\/\/staging.forumjustica.com.br\/en\/wp-json\/wp\/v2\/types\/post"}],"author":[{"embeddable":true,"href":"https:\/\/staging.forumjustica.com.br\/en\/wp-json\/wp\/v2\/users\/13"}],"replies":[{"embeddable":true,"href":"https:\/\/staging.forumjustica.com.br\/en\/wp-json\/wp\/v2\/comments?post=6100"}],"version-history":[{"count":1,"href":"https:\/\/staging.forumjustica.com.br\/en\/wp-json\/wp\/v2\/posts\/6100\/revisions"}],"predecessor-version":[{"id":17643,"href":"https:\/\/staging.forumjustica.com.br\/en\/wp-json\/wp\/v2\/posts\/6100\/revisions\/17643"}],"wp:attachment":[{"href":"https:\/\/staging.forumjustica.com.br\/en\/wp-json\/wp\/v2\/media?parent=6100"}],"wp:term":[{"taxonomy":"category","embeddable":true,"href":"https:\/\/staging.forumjustica.com.br\/en\/wp-json\/wp\/v2\/categories?post=6100"},{"taxonomy":"post_tag","embeddable":true,"href":"https:\/\/staging.forumjustica.com.br\/en\/wp-json\/wp\/v2\/tags?post=6100"},{"taxonomy":"anos","embeddable":true,"href":"https:\/\/staging.forumjustica.com.br\/en\/wp-json\/wp\/v2\/anos?post=6100"},{"taxonomy":"projetos","embeddable":true,"href":"https:\/\/staging.forumjustica.com.br\/en\/wp-json\/wp\/v2\/projetos?post=6100"},{"taxonomy":"autorias","embeddable":true,"href":"https:\/\/staging.forumjustica.com.br\/en\/wp-json\/wp\/v2\/autorias?post=6100"},{"taxonomy":"eixos_tematicos","embeddable":true,"href":"https:\/\/staging.forumjustica.com.br\/en\/wp-json\/wp\/v2\/eixos_tematicos?post=6100"},{"taxonomy":"locais","embeddable":true,"href":"https:\/\/staging.forumjustica.com.br\/en\/wp-json\/wp\/v2\/locais?post=6100"},{"taxonomy":"pessoas","embeddable":true,"href":"https:\/\/staging.forumjustica.com.br\/en\/wp-json\/wp\/v2\/pessoas?post=6100"},{"taxonomy":"estado","embeddable":true,"href":"https:\/\/staging.forumjustica.com.br\/en\/wp-json\/wp\/v2\/estado?post=6100"},{"taxonomy":"academia","embeddable":true,"href":"https:\/\/staging.forumjustica.com.br\/en\/wp-json\/wp\/v2\/academia?post=6100"},{"taxonomy":"sociedade_civil","embeddable":true,"href":"https:\/\/staging.forumjustica.com.br\/en\/wp-json\/wp\/v2\/sociedade_civil?post=6100"}],"curies":[{"name":"wp","href":"https:\/\/api.w.org\/{rel}","templated":true}]}}