{"id":6088,"date":"2013-05-28T12:00:06","date_gmt":"2013-05-28T14:00:06","guid":{"rendered":"https:\/\/forumjustica.vlannetwork.com\/?p=6088"},"modified":"2022-09-04T21:16:17","modified_gmt":"2022-09-05T00:16:17","slug":"segunda-edicao-da-posse-popular-e-realizada-na-ocupacao-marconi-no-centro-de-sao-paulo","status":"publish","type":"post","link":"https:\/\/staging.forumjustica.com.br\/en\/segunda-edicao-da-posse-popular-e-realizada-na-ocupacao-marconi-no-centro-de-sao-paulo\/","title":{"rendered":"SEGUNDA EDI\u00c7\u00c3O DA POSSE POPULAR \u00c9 REALIZADA NA OCUPA\u00c7\u00c3O MARCONI, NO CENTRO DE S\u00c3O PAULO"},"content":{"rendered":"<p><a href=\"https:\/\/staging.forumjustica.com.br\/wp-content\/uploads\/2013\/05\/image_mini.jpg\"><img loading=\"lazy\" decoding=\"async\" src=\"https:\/\/staging.forumjustica.com.br\/wp-content\/uploads\/2013\/05\/image_mini.jpg\" alt=\"\" title=\"image_mini\" width=\"200\" height=\"133\" class=\"alignleft size-full wp-image-6089\" \/><\/a>Novos defensores na Ocupa\u00e7\u00e3o Marconi<\/p>\n<p>Pela segunda vez, a Associa\u00e7\u00e3o Paulista de Defensores P\u00fablicos (Apadep) em conjunto com a Escola da Defensoria P\u00fablica (Edepe), Ouvidoria-geral da Defensoria P\u00fablica de S\u00e3o Paulo e N\u00facleo de Habita\u00e7\u00e3o da DPESP realizaram em conjunto a Posse Popular para 56 Defensores P\u00fablicos aprovados no V Concurso da Carreira. O primeiro evento desta natureza aconteceu em 30 de novembro de 2012, na Ocupa\u00e7\u00e3o Mau\u00e1, no bairro da Luz, Centro de S\u00e3o Paulo ( veja mat\u00e9ria aqui)<\/p>\n<p>Nesta edi\u00e7\u00e3o, a posse popular aconteceu numa ocupa\u00e7\u00e3o localizada na Rua Marconi, que abriga cerca de 170 fam\u00edlias &#8211; ou perto de 500 pessoas &#8211; lideradas pelo Movimento Moradia para Todos (MMPT). Ali, os moradores do local contam com creche, aulas de refor\u00e7o escolar, oficinas de pol\u00edtica, cozinha comunit\u00e1ria, sess\u00f5es de cinema e, em breve, uma horta comunit\u00e1ria.<\/p>\n<p>O evento foi aberto com as palavras da Ouvidora-geral da Defensoria P\u00fablica de S\u00e3o Paulo, Luciana Zaffalon, que ressaltou aos novos defensores que a sabedoria est\u00e1 com quem procura a defensoria por motivos t\u00e9cnicos e que \u00e9 preciso \u201candar de m\u00e3os dadas\u201d com esse p\u00fablico.<\/p>\n<p>Na sequ\u00eancia, moradores da ocupa\u00e7\u00e3o relataram suas hist\u00f3rias de vida e os percal\u00e7os at\u00e9 encontrarem um local onde pudessem se instalar com suas fam\u00edlias sem pagar os pre\u00e7os exorbitantes dos alugu\u00e9is da cidade de S\u00e3o Paulo. S\u00e3o relatos de pessoas que, muitas vezes, deixaram sua terra natal \u2013 em alguns casos outro pa\u00eds \u2013 para tentar a sorte em S\u00e3o Paulo e que encontraram na ocupa\u00e7\u00e3o a \u00fanica sa\u00edda para n\u00e3o viverem nas ruas da capital paulista.<\/p>\n<p>Ap\u00f3s o relato dos moradores, o Presidente da Apadep, Rafael Portugu\u00eas, fez um breve discurso em que citou que \u201ca palavra convence, mas o exemplo arrasta\u201d e lembrou que os novos defensores devem transcender seu papel e ir ao encontro dos anseios coletivos.<\/p>\n<p>M\u00f4nica de Melo, Diretora Assistente da Edepe, foi a \u00faltima a falar para um p\u00fablico composto por defensores  e moradores da Ocupa\u00e7\u00e3o Marconi. Em sua fala, reiterou que os defensores  existem para \u201cservir ao p\u00fablico e nunca podem se apartar da popula\u00e7\u00e3o mais pobre, a quem destinam seu trabalho\u201d.<\/p>\n<p>Na sequ\u00eancia, todos foram convidados para um almo\u00e7o, organizado pela Apadep, no restaurante \u201cAmarelinho\u201d, no bairro da Luz.<\/p>\n<p>Veja fotos do evento <a href=\"https:\/\/picasaweb.google.com\/113098408676606901600\/PossePopularDosDefensoresPublicosDoVConcursoDaCarreira\">aqui <\/a><\/p>\n<p><a href=\"http:\/\/www.apadep.org.br\/news\/2013\/segunda-edicao-da-posse-popular-e-realizada-na-ocupacao-marconi-no-centro-de-sao-paulo-1\">http:\/\/www.apadep.org.br\/news\/2013\/segunda-edicao-da-posse-popular-e-realizada-na-ocupacao-marconi-no-centro-de-sao-paulo-1<\/a><\/p>\n","protected":false},"excerpt":{"rendered":"<p>Novos defensores na Ocupa\u00e7\u00e3o Marconi Pela segunda vez, a Associa\u00e7\u00e3o Paulista de Defensores P\u00fablicos (Apadep) em conjunto com a Escola da Defensoria P\u00fablica (Edepe), Ouvidoria-geral da Defensoria P\u00fablica de S\u00e3o Paulo e N\u00facleo de Habita\u00e7\u00e3o da DPESP realizaram em conjunto a Posse Popular para 56 Defensores P\u00fablicos aprovados no V Concurso da Carreira. O primeiro [&hellip;]<\/p>\n","protected":false},"author":13,"featured_media":0,"comment_status":"open","ping_status":"closed","sticky":false,"template":"","format":"standard","meta":{"inline_featured_image":false,"footnotes":""},"categories":[1],"tags":[],"anos":[],"projetos":[],"autorias":[],"eixos_tematicos":[],"locais":[],"pessoas":[],"estado":[],"academia":[],"sociedade_civil":[],"class_list":["post-6088","post","type-post","status-publish","format-standard","hentry","category-noticias"],"_links":{"self":[{"href":"https:\/\/staging.forumjustica.com.br\/en\/wp-json\/wp\/v2\/posts\/6088","targetHints":{"allow":["GET"]}}],"collection":[{"href":"https:\/\/staging.forumjustica.com.br\/en\/wp-json\/wp\/v2\/posts"}],"about":[{"href":"https:\/\/staging.forumjustica.com.br\/en\/wp-json\/wp\/v2\/types\/post"}],"author":[{"embeddable":true,"href":"https:\/\/staging.forumjustica.com.br\/en\/wp-json\/wp\/v2\/users\/13"}],"replies":[{"embeddable":true,"href":"https:\/\/staging.forumjustica.com.br\/en\/wp-json\/wp\/v2\/comments?post=6088"}],"version-history":[{"count":1,"href":"https:\/\/staging.forumjustica.com.br\/en\/wp-json\/wp\/v2\/posts\/6088\/revisions"}],"predecessor-version":[{"id":17640,"href":"https:\/\/staging.forumjustica.com.br\/en\/wp-json\/wp\/v2\/posts\/6088\/revisions\/17640"}],"wp:attachment":[{"href":"https:\/\/staging.forumjustica.com.br\/en\/wp-json\/wp\/v2\/media?parent=6088"}],"wp:term":[{"taxonomy":"category","embeddable":true,"href":"https:\/\/staging.forumjustica.com.br\/en\/wp-json\/wp\/v2\/categories?post=6088"},{"taxonomy":"post_tag","embeddable":true,"href":"https:\/\/staging.forumjustica.com.br\/en\/wp-json\/wp\/v2\/tags?post=6088"},{"taxonomy":"anos","embeddable":true,"href":"https:\/\/staging.forumjustica.com.br\/en\/wp-json\/wp\/v2\/anos?post=6088"},{"taxonomy":"projetos","embeddable":true,"href":"https:\/\/staging.forumjustica.com.br\/en\/wp-json\/wp\/v2\/projetos?post=6088"},{"taxonomy":"autorias","embeddable":true,"href":"https:\/\/staging.forumjustica.com.br\/en\/wp-json\/wp\/v2\/autorias?post=6088"},{"taxonomy":"eixos_tematicos","embeddable":true,"href":"https:\/\/staging.forumjustica.com.br\/en\/wp-json\/wp\/v2\/eixos_tematicos?post=6088"},{"taxonomy":"locais","embeddable":true,"href":"https:\/\/staging.forumjustica.com.br\/en\/wp-json\/wp\/v2\/locais?post=6088"},{"taxonomy":"pessoas","embeddable":true,"href":"https:\/\/staging.forumjustica.com.br\/en\/wp-json\/wp\/v2\/pessoas?post=6088"},{"taxonomy":"estado","embeddable":true,"href":"https:\/\/staging.forumjustica.com.br\/en\/wp-json\/wp\/v2\/estado?post=6088"},{"taxonomy":"academia","embeddable":true,"href":"https:\/\/staging.forumjustica.com.br\/en\/wp-json\/wp\/v2\/academia?post=6088"},{"taxonomy":"sociedade_civil","embeddable":true,"href":"https:\/\/staging.forumjustica.com.br\/en\/wp-json\/wp\/v2\/sociedade_civil?post=6088"}],"curies":[{"name":"wp","href":"https:\/\/api.w.org\/{rel}","templated":true}]}}