{"id":5922,"date":"2013-05-08T09:00:08","date_gmt":"2013-05-08T11:00:08","guid":{"rendered":"https:\/\/forumjustica.vlannetwork.com\/?p=5922"},"modified":"2022-09-04T21:16:18","modified_gmt":"2022-09-05T00:16:18","slug":"defensores-publicos-latino-americanos-reforcam-importancia-de-convencao-sobre-direitos-indigenas","status":"publish","type":"post","link":"https:\/\/staging.forumjustica.com.br\/en\/defensores-publicos-latino-americanos-reforcam-importancia-de-convencao-sobre-direitos-indigenas\/","title":{"rendered":"Defensores p\u00fablicos latino-americanos refor\u00e7am import\u00e2ncia de Conven\u00e7\u00e3o sobre direitos ind\u00edgenas"},"content":{"rendered":"<p><a href=\"https:\/\/staging.forumjustica.com.br\/wp-content\/uploads\/2013\/05\/AgenciaBrasil011212_MCA5029.jpg\"><img loading=\"lazy\" decoding=\"async\" src=\"https:\/\/staging.forumjustica.com.br\/wp-content\/uploads\/2013\/05\/AgenciaBrasil011212_MCA5029-300x199-1.jpg\" alt=\"\" title=\"AgenciaBrasil011212_MCA5029\" width=\"300\" height=\"199\" class=\"aligncenter size-medium wp-image-5923\" \/><\/a><\/p>\n<p>A Conven\u00e7\u00e3o 169 da Organiza\u00e7\u00e3o Internacional do Trabalho (OIT) sobre povos ind\u00edgenas e tribais deve ser considerada como um instrumento para a inclus\u00e3o social de 40 milh\u00f5es de pessoas que t\u00eam sido \u201cas mais esquecidas\u201d no caminho ao desenvolvimento da Am\u00e9rica Latina. Essa \u00e9 a an\u00e1lise feita por participantes de uma reuni\u00e3o na quinta-feira (25) e sexta-feira (26) com os defensores p\u00fablicos de todos os pa\u00edses da regi\u00e3o.<\/p>\n<p>\u201cConsulta e participa\u00e7\u00e3o s\u00e3o a pedra angular desta Conven\u00e7\u00e3o\u201d, explicou a Diretora Regional da OIT para a Am\u00e9rica Latina e o Caribe, Elizabeth Tinoco, ao inaugurar o encontro da Federa\u00e7\u00e3o Iberoamericana de Ombudsman para a troca de experi\u00eancias sobre a aplica\u00e7\u00e3o deste instrumento e o papel desempenhado pelas defensorias p\u00fablicas.<\/p>\n<p>A reuni\u00e3o se centrou especialmente no direito \u00e0 consulta pr\u00e9via contemplada na Conven\u00e7\u00e3o 169 da OIT, um instrumento normativo aprovado em 1989 que tem 14 ratifica\u00e7\u00f5es por parte dos pa\u00edses latino-americanos, mais do que em qualquer outra parte do mundo.<\/p>\n<p>Tinoco recordou que na regi\u00e3o existem mais de 500 povos ind\u00edgenas que re\u00fanem 40 milh\u00f5es de pessoas, as quais tem sido v\u00edtimas de \u201cexclus\u00e3o e discrimina\u00e7\u00e3o\u201d.<\/p>\n<p>No entanto, ela destacou o fato de que o tema da situa\u00e7\u00e3o dos povos ind\u00edgenas tem aparecido com maior frequ\u00eancia na agenda pol\u00edtica latino-americana, principalmente nas discuss\u00f5es sobre a aplica\u00e7\u00e3o da Conven\u00e7\u00e3o 169. \u201cIsto \u00e9 um sinal importante, agora o tema est\u00e1 sobre a mesa\u201d, disse Tinoco.<\/p>\n<p>\u201cA consulta pr\u00e9via est\u00e1 prevista quando existem medidas legislativas e administrativas que possam afetar diretamente aos povos ind\u00edgenas, ou quando se realizam atividades de explora\u00e7\u00e3o de recursos minerais ou do subsolo nos territ\u00f3rios habitados por eles\u201d, explicou.<\/p>\n<p>Tinoco tamb\u00e9m fez refer\u00eancia aos numerosos debates sobre o alcance desta consulta e ao fato de que o Comit\u00ea de Peritos da OIT deixou claro que estes processos n\u00e3o implicam direito a veto, o que \u00e9 utilizado habitualmente como questionamento para sua aplica\u00e7\u00e3o.<\/p>\n<p>\u201cO objetivo \u00e9 de conseguir acordos e consensos, buscar realizar todos os esfor\u00e7os necess\u00e1rios para conseguir solu\u00e7\u00f5es conjuntas e ao final destes processos o Estado tomar uma decis\u00e3o\u201d, explicou a Diretora da OIT.<\/p>\n<p>O Estado \u201c\u00e9 o \u00fanico interlocutor previsto para os povos ind\u00edgenas nestas consultas, que se espera sejam formais, plenas e de boa f\u00e9\u201d. Ela destacou os esfor\u00e7os de pa\u00edses como o Peru para colocar em marcha este mecanismo, ainda que tenha advertido que o processo n\u00e3o \u00e9 f\u00e1cil e requer o di\u00e1logo entre as partes para acertar posi\u00e7\u00f5es.<\/p>\n<p>Tamb\u00e9m destacou que a Conven\u00e7\u00e3o 169 vai al\u00e9m da consulta e contempla assuntos relacionados com a representatividade dos povos ind\u00edgenas, a institucionalidade do Estado, a territorialidade, o acesso a educa\u00e7\u00e3o e \u00e0s condi\u00e7\u00f5es de emprego, forma\u00e7\u00e3o profissional e seguridade social dos ind\u00edgenas. \u201cO cumprimento desta Conven\u00e7\u00e3o nos permite transitar um caminho mais decidido rumo a inclus\u00e3o social\u201d.<\/p>\n<p>Para Diretora Regional da OIT, as defensorias p\u00fablicas s\u00e3o atores cr\u00edticos dos Estados, com autonomia e com a miss\u00e3o de velar pelos direitos individuais e coletivos da cidadania.<\/p>\n<p><a href=\"http:\/\/www.onu.org.br\/defensores-publicos-latino-americanos-reforcam-importancia-de-convencao-sobre-direitos-\nindigenas\/\">http:\/\/www.onu.org.br\/defensores-publicos-latino-americanos-reforcam-importancia-de-convencao-sobre-direitos-indigenas\/<\/a><\/p>","protected":false},"excerpt":{"rendered":"<p>A Conven\u00e7\u00e3o 169 da Organiza\u00e7\u00e3o Internacional do Trabalho (OIT) sobre povos ind\u00edgenas e tribais deve ser considerada como um instrumento para a inclus\u00e3o social de 40 milh\u00f5es de pessoas que t\u00eam sido \u201cas mais esquecidas\u201d no caminho ao desenvolvimento da Am\u00e9rica Latina. Essa \u00e9 a an\u00e1lise feita por participantes de uma reuni\u00e3o na quinta-feira (25) [&hellip;]<\/p>\n","protected":false},"author":13,"featured_media":0,"comment_status":"open","ping_status":"closed","sticky":false,"template":"","format":"standard","meta":{"inline_featured_image":false,"footnotes":""},"categories":[1],"tags":[],"anos":[],"projetos":[],"autorias":[],"eixos_tematicos":[],"locais":[],"pessoas":[],"estado":[],"academia":[],"sociedade_civil":[],"class_list":["post-5922","post","type-post","status-publish","format-standard","hentry","category-noticias"],"_links":{"self":[{"href":"https:\/\/staging.forumjustica.com.br\/en\/wp-json\/wp\/v2\/posts\/5922","targetHints":{"allow":["GET"]}}],"collection":[{"href":"https:\/\/staging.forumjustica.com.br\/en\/wp-json\/wp\/v2\/posts"}],"about":[{"href":"https:\/\/staging.forumjustica.com.br\/en\/wp-json\/wp\/v2\/types\/post"}],"author":[{"embeddable":true,"href":"https:\/\/staging.forumjustica.com.br\/en\/wp-json\/wp\/v2\/users\/13"}],"replies":[{"embeddable":true,"href":"https:\/\/staging.forumjustica.com.br\/en\/wp-json\/wp\/v2\/comments?post=5922"}],"version-history":[{"count":1,"href":"https:\/\/staging.forumjustica.com.br\/en\/wp-json\/wp\/v2\/posts\/5922\/revisions"}],"predecessor-version":[{"id":17669,"href":"https:\/\/staging.forumjustica.com.br\/en\/wp-json\/wp\/v2\/posts\/5922\/revisions\/17669"}],"wp:attachment":[{"href":"https:\/\/staging.forumjustica.com.br\/en\/wp-json\/wp\/v2\/media?parent=5922"}],"wp:term":[{"taxonomy":"category","embeddable":true,"href":"https:\/\/staging.forumjustica.com.br\/en\/wp-json\/wp\/v2\/categories?post=5922"},{"taxonomy":"post_tag","embeddable":true,"href":"https:\/\/staging.forumjustica.com.br\/en\/wp-json\/wp\/v2\/tags?post=5922"},{"taxonomy":"anos","embeddable":true,"href":"https:\/\/staging.forumjustica.com.br\/en\/wp-json\/wp\/v2\/anos?post=5922"},{"taxonomy":"projetos","embeddable":true,"href":"https:\/\/staging.forumjustica.com.br\/en\/wp-json\/wp\/v2\/projetos?post=5922"},{"taxonomy":"autorias","embeddable":true,"href":"https:\/\/staging.forumjustica.com.br\/en\/wp-json\/wp\/v2\/autorias?post=5922"},{"taxonomy":"eixos_tematicos","embeddable":true,"href":"https:\/\/staging.forumjustica.com.br\/en\/wp-json\/wp\/v2\/eixos_tematicos?post=5922"},{"taxonomy":"locais","embeddable":true,"href":"https:\/\/staging.forumjustica.com.br\/en\/wp-json\/wp\/v2\/locais?post=5922"},{"taxonomy":"pessoas","embeddable":true,"href":"https:\/\/staging.forumjustica.com.br\/en\/wp-json\/wp\/v2\/pessoas?post=5922"},{"taxonomy":"estado","embeddable":true,"href":"https:\/\/staging.forumjustica.com.br\/en\/wp-json\/wp\/v2\/estado?post=5922"},{"taxonomy":"academia","embeddable":true,"href":"https:\/\/staging.forumjustica.com.br\/en\/wp-json\/wp\/v2\/academia?post=5922"},{"taxonomy":"sociedade_civil","embeddable":true,"href":"https:\/\/staging.forumjustica.com.br\/en\/wp-json\/wp\/v2\/sociedade_civil?post=5922"}],"curies":[{"name":"wp","href":"https:\/\/api.w.org\/{rel}","templated":true}]}}