{"id":5834,"date":"2013-04-26T09:00:22","date_gmt":"2013-04-26T11:00:22","guid":{"rendered":"https:\/\/forumjustica.vlannetwork.com\/?p=5834"},"modified":"2022-09-04T21:16:18","modified_gmt":"2022-09-05T00:16:18","slug":"seminario-de-pesquisa-militante-no-rio","status":"publish","type":"post","link":"https:\/\/staging.forumjustica.com.br\/en\/seminario-de-pesquisa-militante-no-rio\/","title":{"rendered":"Semin\u00e1rio de Pesquisa Militante no Rio"},"content":{"rendered":"<p><a href=\"https:\/\/staging.forumjustica.com.br\/wp-content\/uploads\/2013\/04\/LOGO-IPDMS.png\"><img loading=\"lazy\" decoding=\"async\" src=\"https:\/\/staging.forumjustica.com.br\/wp-content\/uploads\/2013\/04\/LOGO-IPDMS.png\" alt=\"\" title=\"LOGO IPDMS\" width=\"240\" height=\"62\" class=\"aligncenter size-full wp-image-5835\" \/><\/a><\/p>\n<p>Semin\u00e1rio de Pesquisa Militante<\/p>\n<p>Se\u00e7\u00e3o Rio de Janeiro do Instituto de Pesquisa, Direitos e Movimentos Sociais &#8211; IPDMS<\/p>\n<p>Data: 27 de abril de 2013, s\u00e1bado<br \/>\nLocal: Faculdade Nacional de Direito, UFRJ, sala 304 (Rua Moncorvo Filho, n. 8, Centro &#8211; ao lado do Campo de Santana), Rio de Janeiro-RJ<br \/>\nObs. Para participantes ser\u00e1 emitido certificado de oito horas complementares.<\/p>\n<p>Programa\u00e7\u00e3o<\/p>\n<p>Manh\u00e3 &#8211; 9:00 \u00e0s 12:00<\/p>\n<p>Mesa de debate:<br \/>\nPesquisa militante e participante<\/p>\n<p>Tarde &#8211; 14:00 \u00e0s 17:00<\/p>\n<p>Assembl\u00e9ia da Se\u00e7\u00e3o Rio de Janeiro do IPDMS<br \/>\nApresenta\u00e7\u00e3o dos Grupos Tem\u00e1ticos Nacionais<br \/>\nApresenta\u00e7\u00e3o do projeto dos \u201cCadernos Insurgentes\u201d<br \/>\nApresenta\u00e7\u00e3o do projeto do Grupo de Estudos de Advocacia Popular &#8211; GEAP<\/p>\n<p><a href=\"http:\/\/ipdms.blogspot.com.br\/2013\/04\/seminario-de-pesquisa-militante-no-rio.html\">http:\/\/ipdms.blogspot.com.br\/2013\/04\/seminario-de-pesquisa-militante-no-rio.html<\/a><\/p>","protected":false},"excerpt":{"rendered":"<p>Semin\u00e1rio de Pesquisa Militante Se\u00e7\u00e3o Rio de Janeiro do Instituto de Pesquisa, Direitos e Movimentos Sociais &#8211; IPDMS Data: 27 de abril de 2013, s\u00e1bado Local: Faculdade Nacional de Direito, UFRJ, sala 304 (Rua Moncorvo Filho, n. 8, Centro &#8211; ao lado do Campo de Santana), Rio de Janeiro-RJ Obs. Para participantes ser\u00e1 emitido certificado [&hellip;]<\/p>\n","protected":false},"author":13,"featured_media":0,"comment_status":"open","ping_status":"closed","sticky":false,"template":"","format":"standard","meta":{"inline_featured_image":false,"footnotes":""},"categories":[1],"tags":[],"anos":[],"projetos":[],"autorias":[],"eixos_tematicos":[],"locais":[],"pessoas":[],"estado":[],"academia":[],"sociedade_civil":[],"class_list":["post-5834","post","type-post","status-publish","format-standard","hentry","category-noticias"],"_links":{"self":[{"href":"https:\/\/staging.forumjustica.com.br\/en\/wp-json\/wp\/v2\/posts\/5834","targetHints":{"allow":["GET"]}}],"collection":[{"href":"https:\/\/staging.forumjustica.com.br\/en\/wp-json\/wp\/v2\/posts"}],"about":[{"href":"https:\/\/staging.forumjustica.com.br\/en\/wp-json\/wp\/v2\/types\/post"}],"author":[{"embeddable":true,"href":"https:\/\/staging.forumjustica.com.br\/en\/wp-json\/wp\/v2\/users\/13"}],"replies":[{"embeddable":true,"href":"https:\/\/staging.forumjustica.com.br\/en\/wp-json\/wp\/v2\/comments?post=5834"}],"version-history":[{"count":1,"href":"https:\/\/staging.forumjustica.com.br\/en\/wp-json\/wp\/v2\/posts\/5834\/revisions"}],"predecessor-version":[{"id":17687,"href":"https:\/\/staging.forumjustica.com.br\/en\/wp-json\/wp\/v2\/posts\/5834\/revisions\/17687"}],"wp:attachment":[{"href":"https:\/\/staging.forumjustica.com.br\/en\/wp-json\/wp\/v2\/media?parent=5834"}],"wp:term":[{"taxonomy":"category","embeddable":true,"href":"https:\/\/staging.forumjustica.com.br\/en\/wp-json\/wp\/v2\/categories?post=5834"},{"taxonomy":"post_tag","embeddable":true,"href":"https:\/\/staging.forumjustica.com.br\/en\/wp-json\/wp\/v2\/tags?post=5834"},{"taxonomy":"anos","embeddable":true,"href":"https:\/\/staging.forumjustica.com.br\/en\/wp-json\/wp\/v2\/anos?post=5834"},{"taxonomy":"projetos","embeddable":true,"href":"https:\/\/staging.forumjustica.com.br\/en\/wp-json\/wp\/v2\/projetos?post=5834"},{"taxonomy":"autorias","embeddable":true,"href":"https:\/\/staging.forumjustica.com.br\/en\/wp-json\/wp\/v2\/autorias?post=5834"},{"taxonomy":"eixos_tematicos","embeddable":true,"href":"https:\/\/staging.forumjustica.com.br\/en\/wp-json\/wp\/v2\/eixos_tematicos?post=5834"},{"taxonomy":"locais","embeddable":true,"href":"https:\/\/staging.forumjustica.com.br\/en\/wp-json\/wp\/v2\/locais?post=5834"},{"taxonomy":"pessoas","embeddable":true,"href":"https:\/\/staging.forumjustica.com.br\/en\/wp-json\/wp\/v2\/pessoas?post=5834"},{"taxonomy":"estado","embeddable":true,"href":"https:\/\/staging.forumjustica.com.br\/en\/wp-json\/wp\/v2\/estado?post=5834"},{"taxonomy":"academia","embeddable":true,"href":"https:\/\/staging.forumjustica.com.br\/en\/wp-json\/wp\/v2\/academia?post=5834"},{"taxonomy":"sociedade_civil","embeddable":true,"href":"https:\/\/staging.forumjustica.com.br\/en\/wp-json\/wp\/v2\/sociedade_civil?post=5834"}],"curies":[{"name":"wp","href":"https:\/\/api.w.org\/{rel}","templated":true}]}}