{"id":5666,"date":"2013-04-12T10:30:51","date_gmt":"2013-04-12T12:30:51","guid":{"rendered":"https:\/\/forumjustica.vlannetwork.com\/?p=5666"},"modified":"2022-09-04T21:16:19","modified_gmt":"2022-09-05T00:16:19","slug":"ato-nacional-por-reforma-agraria-e-justica-no-campo","status":"publish","type":"post","link":"https:\/\/staging.forumjustica.com.br\/en\/ato-nacional-por-reforma-agraria-e-justica-no-campo\/","title":{"rendered":"Ato Nacional Por Reforma Agr\u00e1ria e Justi\u00e7a no Campo"},"content":{"rendered":"<p><a href=\"https:\/\/staging.forumjustica.com.br\/wp-content\/uploads\/2013\/04\/convite-ATO-512x320-1.png\"><img loading=\"lazy\" decoding=\"async\" src=\"https:\/\/staging.forumjustica.com.br\/wp-content\/uploads\/2013\/04\/convite-ATO-512x320-1.png\" alt=\"\" title=\"convite-ATO-512x320\" width=\"512\" height=\"320\" class=\"aligncenter size-full wp-image-5667\" \/><\/a><\/p>\n<p>No dia 15 de abril de 2013 iremos lembrar os 17 anos do Massacre de Eldorado dos Caraj\u00e1s. Convidamos a todas as amigas e amigos a estarem conosco neste dia para reafirmar nosso compromisso de luta pela lembran\u00e7a dos companheiros e companheiras que deram a vida na luta pela reforma agr\u00e1ria.<\/p>\n<p>A demora na puni\u00e7\u00e3o dos assassinos de Eldorado dos Caraj\u00e1s e a demora na desapropria\u00e7\u00e3o de terras pelo Incra t\u00eam a consequ\u00eancia direta de ocasionar cada vez mais mortes no campos. No ano em que perdemos dois grandes militantes no RJ, C\u00edcero Guedes e Regina dos Santos, choramos junto com nossos companheiros da Bahia, do Par\u00e1 e de todo o Brasil que sofre com a viol\u00eancia no campo.<\/p>\n<p>Contamos com a sua presen\u00e7a para reafirmarmos juntos o compromisso: nem um minuto de sil\u00eancio, mas toda uma vida de luta.<\/p>\n<p>Dia: 15 de abril<br \/>\nLocal: Audit\u00f3rio da ABI \u2013 Rua Ara\u00fajo Porto Alegre, 71<br \/>\nHora: 18h<\/p>\n<p><a href=\"http:\/\/boletimmstrj.mst.org.br\/ato-nacional-por-reforma-agraria-e-justica-no-campo\/\">http:\/\/boletimmstrj.mst.org.br\/ato-nacional-por-reforma-agraria-e-justica-no-campo\/<\/a><\/p>","protected":false},"excerpt":{"rendered":"<p>No dia 15 de abril de 2013 iremos lembrar os 17 anos do Massacre de Eldorado dos Caraj\u00e1s. Convidamos a todas as amigas e amigos a estarem conosco neste dia para reafirmar nosso compromisso de luta pela lembran\u00e7a dos companheiros e companheiras que deram a vida na luta pela reforma agr\u00e1ria. A demora na puni\u00e7\u00e3o [&hellip;]<\/p>\n","protected":false},"author":13,"featured_media":0,"comment_status":"open","ping_status":"closed","sticky":false,"template":"","format":"standard","meta":{"inline_featured_image":false,"footnotes":""},"categories":[1],"tags":[],"anos":[],"projetos":[],"autorias":[],"eixos_tematicos":[],"locais":[],"pessoas":[],"estado":[],"academia":[],"sociedade_civil":[],"class_list":["post-5666","post","type-post","status-publish","format-standard","hentry","category-noticias"],"_links":{"self":[{"href":"https:\/\/staging.forumjustica.com.br\/en\/wp-json\/wp\/v2\/posts\/5666","targetHints":{"allow":["GET"]}}],"collection":[{"href":"https:\/\/staging.forumjustica.com.br\/en\/wp-json\/wp\/v2\/posts"}],"about":[{"href":"https:\/\/staging.forumjustica.com.br\/en\/wp-json\/wp\/v2\/types\/post"}],"author":[{"embeddable":true,"href":"https:\/\/staging.forumjustica.com.br\/en\/wp-json\/wp\/v2\/users\/13"}],"replies":[{"embeddable":true,"href":"https:\/\/staging.forumjustica.com.br\/en\/wp-json\/wp\/v2\/comments?post=5666"}],"version-history":[{"count":1,"href":"https:\/\/staging.forumjustica.com.br\/en\/wp-json\/wp\/v2\/posts\/5666\/revisions"}],"predecessor-version":[{"id":17709,"href":"https:\/\/staging.forumjustica.com.br\/en\/wp-json\/wp\/v2\/posts\/5666\/revisions\/17709"}],"wp:attachment":[{"href":"https:\/\/staging.forumjustica.com.br\/en\/wp-json\/wp\/v2\/media?parent=5666"}],"wp:term":[{"taxonomy":"category","embeddable":true,"href":"https:\/\/staging.forumjustica.com.br\/en\/wp-json\/wp\/v2\/categories?post=5666"},{"taxonomy":"post_tag","embeddable":true,"href":"https:\/\/staging.forumjustica.com.br\/en\/wp-json\/wp\/v2\/tags?post=5666"},{"taxonomy":"anos","embeddable":true,"href":"https:\/\/staging.forumjustica.com.br\/en\/wp-json\/wp\/v2\/anos?post=5666"},{"taxonomy":"projetos","embeddable":true,"href":"https:\/\/staging.forumjustica.com.br\/en\/wp-json\/wp\/v2\/projetos?post=5666"},{"taxonomy":"autorias","embeddable":true,"href":"https:\/\/staging.forumjustica.com.br\/en\/wp-json\/wp\/v2\/autorias?post=5666"},{"taxonomy":"eixos_tematicos","embeddable":true,"href":"https:\/\/staging.forumjustica.com.br\/en\/wp-json\/wp\/v2\/eixos_tematicos?post=5666"},{"taxonomy":"locais","embeddable":true,"href":"https:\/\/staging.forumjustica.com.br\/en\/wp-json\/wp\/v2\/locais?post=5666"},{"taxonomy":"pessoas","embeddable":true,"href":"https:\/\/staging.forumjustica.com.br\/en\/wp-json\/wp\/v2\/pessoas?post=5666"},{"taxonomy":"estado","embeddable":true,"href":"https:\/\/staging.forumjustica.com.br\/en\/wp-json\/wp\/v2\/estado?post=5666"},{"taxonomy":"academia","embeddable":true,"href":"https:\/\/staging.forumjustica.com.br\/en\/wp-json\/wp\/v2\/academia?post=5666"},{"taxonomy":"sociedade_civil","embeddable":true,"href":"https:\/\/staging.forumjustica.com.br\/en\/wp-json\/wp\/v2\/sociedade_civil?post=5666"}],"curies":[{"name":"wp","href":"https:\/\/api.w.org\/{rel}","templated":true}]}}