{"id":5632,"date":"2013-04-08T09:00:21","date_gmt":"2013-04-08T11:00:21","guid":{"rendered":"https:\/\/forumjustica.vlannetwork.com\/?p=5632"},"modified":"2022-09-04T21:16:19","modified_gmt":"2022-09-05T00:16:19","slug":"livro-as-mulheres-nas-eleicoes-2010","status":"publish","type":"post","link":"https:\/\/staging.forumjustica.com.br\/en\/livro-as-mulheres-nas-eleicoes-2010\/","title":{"rendered":"LIVRO: As mulheres nas elei\u00e7\u00f5es 2010"},"content":{"rendered":"<p> <a href=\"https:\/\/staging.forumjustica.com.br\/wp-content\/uploads\/2013\/04\/mulheres-eleicoes2010.jpg\"><img loading=\"lazy\" decoding=\"async\" src=\"https:\/\/staging.forumjustica.com.br\/wp-content\/uploads\/2013\/04\/mulheres-eleicoes2010.jpg\" alt=\"\" title=\"mulheres-eleicoes2010\" width=\"400\" height=\"518\" class=\"aligncenter size-full wp-image-5634\" \/><\/a><\/p>\n<p> Jos\u00e9 Eust\u00e1quio Diniz Alves<br \/>\n C\u00e9li Regina Jardim Pinto<br \/>\n F\u00e1tima Jord\u00e3o<\/p>\n<p>\u00c9 com grande satisfa\u00e7\u00e3o que apresentamos o livro As mulheres nas elei\u00e7\u00f5es 2010 , cuja produ\u00e7\u00e3o teve in\u00edcio com a forma\u00e7\u00e3o de um grupo de pesquisa para concorrer a um edital p\u00fablico para pesquisar a participa\u00e7\u00e3o feminina nas elei\u00e7\u00f5es gerais de 2010.<\/p>\n<p>Tudo come\u00e7ou a partir de um edital de convoca\u00e7\u00e3o, lan\u00e7ado em 25 de fevereiro de 2010, pela Secretaria Especial de Pol\u00edticas para as Mulheres da Presid\u00eancia da Rep\u00fablica, conclamando \u201cos n\u00facleos ou grupos de pesquisa de universidades p\u00fablicas, funda\u00e7\u00f5es universit\u00e1rias de pesquisa e\/ou institutos de pesquisa organizados sob a forma de cons\u00f3rcio, a apresentarem propostas para a implementa\u00e7\u00e3o de projeto de pesquisa sobre a participa\u00e7\u00e3o das mulheres no processo eleitoral de 2010\u201d.<\/p>\n<p>A sociedade acad\u00eamica brasileira se mobilizou e foram inscritos diversos projetos de pesquisa, sendo designado como vencedor da concorr\u00eancia, pela Comiss\u00e3o de Sele\u00e7\u00e3o, o trabalho remetido pelo Cons\u00f3rcio Bertha Lutz (CBL). O resultado foi publicado no Di\u00e1rio Oficial da Uni\u00e3o , em 29 de abril de 2010.<\/p>\n<p>O Cons\u00f3rcio Bertha Lutz, criado em mar\u00e7o e abril de 2010 a partir do contato volunt\u00e1rio de seus membros, tem um n\u00facleo composto por pesquisadoras\/es de comprovada atua\u00e7\u00e3o na \u00e1rea de an\u00e1lise de g\u00eanero e pol\u00edtica, com representatividade nos maiores Estados brasileiros e nas principais regi\u00f5es do pa\u00eds. A forma\u00e7\u00e3o desse n\u00facleo obedeceu aos crit\u00e9rios de qualifica\u00e7\u00e3o acad\u00eamica, compromisso cient\u00edfico, representatividade regional e nacional e a uma divis\u00e3o de trabalho em fun\u00e7\u00e3o dos objetivos da pesquisa. As\/os pesquisadoras\/es consorciadas\/os formam o in\u00edcio de um trabalho que pretende ter desdobramentos prospectivos, no sentido de fortalecer os estudos de g\u00eanero e pol\u00edtica no pa\u00eds, possibilitando que o Cons\u00f3rcio seja ampliado no futuro, especialmente a partir do lan\u00e7amento do presente livro.<\/p>\n<p>O trabalho desenvolvido pelo Cons\u00f3rcio Bertha Lutz transformou-se em uma experi\u00eancia pioneira, em que, pela primeira vez, acad\u00eamicos e profissionais da \u00e1rea de g\u00eanero reuniram-se para analisar a participa\u00e7\u00e3o das mulheres no processo eleitoral. E isto n\u00e3o poderia ter acontecido em melhor momento, pois as elei\u00e7\u00f5es gerais de 2010 foram as mais femininas da hist\u00f3ria do Brasil, com 1.335 mulheres candidatas a deputadas federais (22%), 3.500 concorrendo ao cargo de deputada estadual (23%), 36 candidatas ao Senado (13%), 18 candidatas aos governos estaduais (11%) e duas mulheres, entre nove candidatos (23%), disputaram a Presid\u00eancia<br \/>\nda Rep\u00fablica.<\/p>\n<p>O livro est\u00e1 \u00e0 disposi\u00e7\u00e3o para baixar em <a href=\"http:\/\/www.bibliotecafeminista.org.br\/index.php?option=com_remository&#038;Itemid=53&#038;func=fileinfo&#038;id=508\">http:\/\/www.bibliotecafeminista.org.br\/index.php?option=com_remository&#038;Itemid=53&#038;func=fileinfo&#038;id=508<\/a><\/p>\n<p><a href=\"http:\/\/www.feminismo.org.br\/livre\/index.php?option=com_content&#038;view=article&#038;id=99995116:livro-as-mulheres-nas-eleicoes-2010&#038;catid=104:politica-geral&#038;Itemid=489\">http:\/\/www.feminismo.org.br\/livre\/index.php?option=com_content&#038;view=article&#038;id=99995116:livro-as-mulheres-nas-eleicoes-2010&#038;catid=104:politica-geral&#038;Itemid=489<\/a><\/p>","protected":false},"excerpt":{"rendered":"<p>Jos\u00e9 Eust\u00e1quio Diniz Alves C\u00e9li Regina Jardim Pinto F\u00e1tima Jord\u00e3o \u00c9 com grande satisfa\u00e7\u00e3o que apresentamos o livro As mulheres nas elei\u00e7\u00f5es 2010 , cuja produ\u00e7\u00e3o teve in\u00edcio com a forma\u00e7\u00e3o de um grupo de pesquisa para concorrer a um edital p\u00fablico para pesquisar a participa\u00e7\u00e3o feminina nas elei\u00e7\u00f5es gerais de 2010. Tudo come\u00e7ou a [&hellip;]<\/p>\n","protected":false},"author":13,"featured_media":0,"comment_status":"open","ping_status":"closed","sticky":false,"template":"","format":"standard","meta":{"inline_featured_image":false,"footnotes":""},"categories":[1],"tags":[],"anos":[],"projetos":[],"autorias":[],"eixos_tematicos":[],"locais":[],"pessoas":[],"estado":[],"academia":[],"sociedade_civil":[],"class_list":["post-5632","post","type-post","status-publish","format-standard","hentry","category-noticias"],"_links":{"self":[{"href":"https:\/\/staging.forumjustica.com.br\/en\/wp-json\/wp\/v2\/posts\/5632","targetHints":{"allow":["GET"]}}],"collection":[{"href":"https:\/\/staging.forumjustica.com.br\/en\/wp-json\/wp\/v2\/posts"}],"about":[{"href":"https:\/\/staging.forumjustica.com.br\/en\/wp-json\/wp\/v2\/types\/post"}],"author":[{"embeddable":true,"href":"https:\/\/staging.forumjustica.com.br\/en\/wp-json\/wp\/v2\/users\/13"}],"replies":[{"embeddable":true,"href":"https:\/\/staging.forumjustica.com.br\/en\/wp-json\/wp\/v2\/comments?post=5632"}],"version-history":[{"count":1,"href":"https:\/\/staging.forumjustica.com.br\/en\/wp-json\/wp\/v2\/posts\/5632\/revisions"}],"predecessor-version":[{"id":17717,"href":"https:\/\/staging.forumjustica.com.br\/en\/wp-json\/wp\/v2\/posts\/5632\/revisions\/17717"}],"wp:attachment":[{"href":"https:\/\/staging.forumjustica.com.br\/en\/wp-json\/wp\/v2\/media?parent=5632"}],"wp:term":[{"taxonomy":"category","embeddable":true,"href":"https:\/\/staging.forumjustica.com.br\/en\/wp-json\/wp\/v2\/categories?post=5632"},{"taxonomy":"post_tag","embeddable":true,"href":"https:\/\/staging.forumjustica.com.br\/en\/wp-json\/wp\/v2\/tags?post=5632"},{"taxonomy":"anos","embeddable":true,"href":"https:\/\/staging.forumjustica.com.br\/en\/wp-json\/wp\/v2\/anos?post=5632"},{"taxonomy":"projetos","embeddable":true,"href":"https:\/\/staging.forumjustica.com.br\/en\/wp-json\/wp\/v2\/projetos?post=5632"},{"taxonomy":"autorias","embeddable":true,"href":"https:\/\/staging.forumjustica.com.br\/en\/wp-json\/wp\/v2\/autorias?post=5632"},{"taxonomy":"eixos_tematicos","embeddable":true,"href":"https:\/\/staging.forumjustica.com.br\/en\/wp-json\/wp\/v2\/eixos_tematicos?post=5632"},{"taxonomy":"locais","embeddable":true,"href":"https:\/\/staging.forumjustica.com.br\/en\/wp-json\/wp\/v2\/locais?post=5632"},{"taxonomy":"pessoas","embeddable":true,"href":"https:\/\/staging.forumjustica.com.br\/en\/wp-json\/wp\/v2\/pessoas?post=5632"},{"taxonomy":"estado","embeddable":true,"href":"https:\/\/staging.forumjustica.com.br\/en\/wp-json\/wp\/v2\/estado?post=5632"},{"taxonomy":"academia","embeddable":true,"href":"https:\/\/staging.forumjustica.com.br\/en\/wp-json\/wp\/v2\/academia?post=5632"},{"taxonomy":"sociedade_civil","embeddable":true,"href":"https:\/\/staging.forumjustica.com.br\/en\/wp-json\/wp\/v2\/sociedade_civil?post=5632"}],"curies":[{"name":"wp","href":"https:\/\/api.w.org\/{rel}","templated":true}]}}