{"id":5628,"date":"2013-04-08T09:00:50","date_gmt":"2013-04-08T11:00:50","guid":{"rendered":"https:\/\/forumjustica.vlannetwork.com\/?p=5628"},"modified":"2022-09-04T21:16:19","modified_gmt":"2022-09-05T00:16:19","slug":"ouvidor-participa-do-forum-justica-no-rio-de-janeiro-e-defende-a-defensoria-publica","status":"publish","type":"post","link":"https:\/\/staging.forumjustica.com.br\/en\/ouvidor-participa-do-forum-justica-no-rio-de-janeiro-e-defende-a-defensoria-publica\/","title":{"rendered":"Ouvidor participa do F\u00f3rum Justi\u00e7a no Rio de Janeiro e defende a Defensoria P\u00fablica"},"content":{"rendered":"<p>Segunda, 25 Mar\u00e7o 2013 11:26<br \/>\n<div id=\"attachment_5629\" style=\"width: 520px\" class=\"wp-caption aligncenter\"><a href=\"https:\/\/staging.forumjustica.com.br\/wp-content\/uploads\/2013\/04\/ouvidormt.jpg\"><img loading=\"lazy\" decoding=\"async\" aria-describedby=\"caption-attachment-5629\" src=\"https:\/\/staging.forumjustica.com.br\/wp-content\/uploads\/2013\/04\/ouvidormt.jpg\" alt=\"\" title=\"ouvidormt\" width=\"510\" height=\"383\" class=\"size-full wp-image-5629\" \/><\/a><p id=\"caption-attachment-5629\" class=\"wp-caption-text\"> O ouvidor-geral da Defensoria P\u00fablica, Paulo Lemos, participou das discuss\u00f5es do F\u00f3rum Justi\u00e7a<\/p><\/div><\/p>\n<p>O ouvidor-geral da Defensoria P\u00fablica de Mato Grosso, Paulo Lemos, participou das discuss\u00f5es de planejamento estrat\u00e9gico para 2013 do F\u00f3rum Justi\u00e7a. O encontro aconteceu no Rio de Janeiro, onde tamb\u00e9m se discutiu as atividades realizadas em 2012.<\/p>\n<p>O encontro do F\u00f3rum de Justi\u00e7a, realizado no final de semana passado, tamb\u00e9m serviu para estreitar ainda mais o v\u00ednculo entre os participantes, parceiros e apoiadores.<\/p>\n<p>&#8220;Assim, podemos fortalecer o trip\u00e9 no qual se assenta o F\u00f3rum, ou seja, os agentes do sistema de justi\u00e7a, integrantes de organiza\u00e7\u00f5es e movimentos sociais e do setor acad\u00eamico&#8221;, opinou Paulo Lemos, que tamb\u00e9m \u00e9 presidente do Col\u00e9gio de Ouvidorias das Defensorias P\u00fablicas do Brasil.<\/p>\n<p>Sobre as atividades do F\u00f3rum, a retrospectiva relembrou do seu surgimento a partir do debate a defini\u00e7\u00e3o das 100 regras de Bras\u00edlia (DF), que basicamente pautaram a quest\u00e3o do direito de acesso \u00e0 Justi\u00e7a das pessoas empobrecidas e vulner\u00e1veis da sociedade brasileira.<\/p>\n<p>Para o planejamento estrat\u00e9gico deste ano, foram definidas como a\u00e7\u00f5es priorit\u00e1rias, a promo\u00e7\u00e3o dos compromissos pactuados, com \u00eanfase na instala\u00e7\u00e3o das Ouvidorias Externas independentes e com Conselhos Consultivos em todas as institui\u00e7\u00f5es do Sistema de Justi\u00e7a entre outros mecanismos de democracia participativas, como audi\u00eancias, consultas e confer\u00eancias p\u00fablicas.<\/p>\n<p>&#8220;Nosso objetivo \u00e9 promover a replica\u00e7\u00e3o da experi\u00eancia do F\u00f3rum como uma onda democratizante do Sistema de Justi\u00e7a no cen\u00e1rio interamericano, al\u00e9m do desenvolvimento de uma pol\u00edtica judicial com reconhecimento de identidades e redistribui\u00e7\u00e3o de riquezas, assegurada a participa\u00e7\u00e3o popular&#8221;, explica Paulo Lemos.<\/p>\n<p>O ouvidor ainda reafirmou o alinhamento com as posi\u00e7\u00f5es do F\u00f3rum Justi\u00e7a, principalmente quanto \u00e0s a\u00e7\u00f5es democratizantes do sistema de justi\u00e7a, assim como a defesa da derrubada do veto ao PLP n\u00ba 114\/11 e da aprova\u00e7\u00e3o da PEC das Comarcas, a fim de garantir condi\u00e7\u00f5es dignas de trabalho \u00e0 Defensoria P\u00fablica brasileira e sua universaliza\u00e7\u00e3o por todo territ\u00f3rio nacional, para levar mais e melhor justi\u00e7a para todos.<\/p>\n<p>&#8220;A Defensoria P\u00fablica brasileira merece ser tratada com respeito, pois ela \u00e9 essencial ao Sistema de Justi\u00e7a e, sobretudo, \u00e0 sociedade, sendo os Defensores P\u00fablicos agentes pol\u00edticos imprescind\u00edveis para pintar o pa\u00eds inteiro de justi\u00e7a social&#8221;, concluiu o presidente dos Col\u00e9gios de Ouvidorias do Brasil.<\/p>\n<p><a href=\"http:\/\/www.defensoriapublica.mt.gov.br\/portal\/index.php\/noticias\/item\/9144-ouvidor-participa-do-f%C3%B3rum-justi%C3%A7a-no-rio-de-janeiro-e-defende-a-defensoria-p%C3%BAblica\"><br \/>\nhttp:\/\/www.defensoriapublica.mt.gov.br\/portal\/index.php\/noticias\/item\/9144-ouvidor-participa-do-f%C3%B3rum-justi%C3%A7a-no-rio-de-janeiro-e-defende-a-defensoria-p%C3%BAblica<\/a><\/p>","protected":false},"excerpt":{"rendered":"<p>Segunda, 25 Mar\u00e7o 2013 11:26 O ouvidor-geral da Defensoria P\u00fablica de Mato Grosso, Paulo Lemos, participou das discuss\u00f5es de planejamento estrat\u00e9gico para 2013 do F\u00f3rum Justi\u00e7a. O encontro aconteceu no Rio de Janeiro, onde tamb\u00e9m se discutiu as atividades realizadas em 2012. O encontro do F\u00f3rum de Justi\u00e7a, realizado no final de semana passado, tamb\u00e9m [&hellip;]<\/p>\n","protected":false},"author":13,"featured_media":0,"comment_status":"open","ping_status":"closed","sticky":false,"template":"","format":"standard","meta":{"inline_featured_image":false,"footnotes":""},"categories":[1],"tags":[],"anos":[],"projetos":[],"autorias":[],"eixos_tematicos":[],"locais":[],"pessoas":[],"estado":[],"academia":[],"sociedade_civil":[],"class_list":["post-5628","post","type-post","status-publish","format-standard","hentry","category-noticias"],"_links":{"self":[{"href":"https:\/\/staging.forumjustica.com.br\/en\/wp-json\/wp\/v2\/posts\/5628","targetHints":{"allow":["GET"]}}],"collection":[{"href":"https:\/\/staging.forumjustica.com.br\/en\/wp-json\/wp\/v2\/posts"}],"about":[{"href":"https:\/\/staging.forumjustica.com.br\/en\/wp-json\/wp\/v2\/types\/post"}],"author":[{"embeddable":true,"href":"https:\/\/staging.forumjustica.com.br\/en\/wp-json\/wp\/v2\/users\/13"}],"replies":[{"embeddable":true,"href":"https:\/\/staging.forumjustica.com.br\/en\/wp-json\/wp\/v2\/comments?post=5628"}],"version-history":[{"count":1,"href":"https:\/\/staging.forumjustica.com.br\/en\/wp-json\/wp\/v2\/posts\/5628\/revisions"}],"predecessor-version":[{"id":17716,"href":"https:\/\/staging.forumjustica.com.br\/en\/wp-json\/wp\/v2\/posts\/5628\/revisions\/17716"}],"wp:attachment":[{"href":"https:\/\/staging.forumjustica.com.br\/en\/wp-json\/wp\/v2\/media?parent=5628"}],"wp:term":[{"taxonomy":"category","embeddable":true,"href":"https:\/\/staging.forumjustica.com.br\/en\/wp-json\/wp\/v2\/categories?post=5628"},{"taxonomy":"post_tag","embeddable":true,"href":"https:\/\/staging.forumjustica.com.br\/en\/wp-json\/wp\/v2\/tags?post=5628"},{"taxonomy":"anos","embeddable":true,"href":"https:\/\/staging.forumjustica.com.br\/en\/wp-json\/wp\/v2\/anos?post=5628"},{"taxonomy":"projetos","embeddable":true,"href":"https:\/\/staging.forumjustica.com.br\/en\/wp-json\/wp\/v2\/projetos?post=5628"},{"taxonomy":"autorias","embeddable":true,"href":"https:\/\/staging.forumjustica.com.br\/en\/wp-json\/wp\/v2\/autorias?post=5628"},{"taxonomy":"eixos_tematicos","embeddable":true,"href":"https:\/\/staging.forumjustica.com.br\/en\/wp-json\/wp\/v2\/eixos_tematicos?post=5628"},{"taxonomy":"locais","embeddable":true,"href":"https:\/\/staging.forumjustica.com.br\/en\/wp-json\/wp\/v2\/locais?post=5628"},{"taxonomy":"pessoas","embeddable":true,"href":"https:\/\/staging.forumjustica.com.br\/en\/wp-json\/wp\/v2\/pessoas?post=5628"},{"taxonomy":"estado","embeddable":true,"href":"https:\/\/staging.forumjustica.com.br\/en\/wp-json\/wp\/v2\/estado?post=5628"},{"taxonomy":"academia","embeddable":true,"href":"https:\/\/staging.forumjustica.com.br\/en\/wp-json\/wp\/v2\/academia?post=5628"},{"taxonomy":"sociedade_civil","embeddable":true,"href":"https:\/\/staging.forumjustica.com.br\/en\/wp-json\/wp\/v2\/sociedade_civil?post=5628"}],"curies":[{"name":"wp","href":"https:\/\/api.w.org\/{rel}","templated":true}]}}