{"id":5614,"date":"2013-04-05T11:12:24","date_gmt":"2013-04-05T13:12:24","guid":{"rendered":"https:\/\/forumjustica.vlannetwork.com\/?p=5614"},"modified":"2022-09-04T21:16:20","modified_gmt":"2022-09-05T00:16:20","slug":"anadep-participa-da-abertura-da-10%c2%aa-edicao-do-premio-innovare","status":"publish","type":"post","link":"https:\/\/staging.forumjustica.com.br\/en\/anadep-participa-da-abertura-da-10%c2%aa-edicao-do-premio-innovare\/","title":{"rendered":"ANADEP participa da abertura da 10\u00aa edi\u00e7\u00e3o do Pr\u00eamio Innovare"},"content":{"rendered":"<p>Ve\u00edculo: Ascom ANADEP<br \/>\nEstado: DF<\/p>\n<p><a href=\"https:\/\/staging.forumjustica.com.br\/wp-content\/uploads\/2013\/04\/INNOVARE-3.jpg\"><img loading=\"lazy\" decoding=\"async\" src=\"https:\/\/staging.forumjustica.com.br\/wp-content\/uploads\/2013\/04\/INNOVARE-3.jpg\" alt=\"\" title=\"INNOVARE-3\" width=\"350\" height=\"234\" class=\"aligncenter size-full wp-image-5615\" \/><\/a><\/p>\n<p>O presidente e a presidente eleita da ANADEP, Andr\u00e9 Castro e Patr\u00edcia Kettermann, participaram, nesta quinta-feira, da solenidade de abertura da 10\u00aa edi\u00e7\u00e3o do Pr\u00eamio Innovare, que ocorreu no Superior Tribunal de Justi\u00e7a (STJ), em Bras\u00edlia. As inscri\u00e7\u00f5es j\u00e1 est\u00e3o abertas e podem ser feitas at\u00e9 o dia 31 de maio no site do pr\u00eamio.<\/p>\n<p>Nesta 10\u00aa edi\u00e7\u00e3o, nas categorias Juiz, defensoria p\u00fablica, tribunal, advocacia e Minist\u00e9rio P\u00fablico, o tema ser\u00e1 livre. Os vencedores v\u00e3o receber trof\u00e9us e men\u00e7\u00e3o honrosa. Premia\u00e7\u00f5es em dinheiro foram proibidas pelo Conselho Nacional de Justi\u00e7a.<\/p>\n<p>Pela primeira vez ser\u00e3o admitidas monografias de profissionais e graduados de qualquer \u00e1rea de atua\u00e7\u00e3o na Categoria Especial que tem o tema \u201cA Justi\u00e7a do S\u00e9culo XXI\u201d. O objetivo \u00e9 estimular contribui\u00e7\u00f5es de experi\u00eancias profissionais ou reflex\u00f5es acad\u00eamicas v\u00e1lidas para o aprimoramento da Justi\u00e7a no Brasil.<\/p>\n<p>As pr\u00e1ticas vencedoras do d\u00e9cimo Pr\u00eamio Innovare ser\u00e3o conhecidas em dezembro de 2013.<\/p>\n<p>\u201cO Innovare \u00e9 um importante instrumento para a dissemina\u00e7\u00e3o de boas pr\u00e1ticas, al\u00e9m de ser um destaque para o reconhecimento da inova\u00e7\u00e3o no mundo jur\u00eddico e no reconhecimento do acesso \u00e0 justi\u00e7a\u201d, pontuou o presidente da ANADEP, Andr\u00e9 Castro.<\/p>\n<p>Sobre o pr\u00eamio: O Pr\u00eamio \u00e9 uma iniciativa do Instituto Innovare, em parceria com a Associa\u00e7\u00e3o Nacional dos Defensores P\u00fablicos (ANADEP), Associa\u00e7\u00e3o dos Magistrados Brasileiros, Superior Tribunal de Justi\u00e7a, Minist\u00e9rio da Justi\u00e7a, Associa\u00e7\u00e3o Nacional dos Membros do Minist\u00e9rio P\u00fablico, Associa\u00e7\u00e3o dos Ju\u00edzes Federais do Brasil, Associa\u00e7\u00e3o Nacional dos Procuradores da Rep\u00fablica, Ordem dos Advogados do Brasil e as Organiza\u00e7\u00f5es Globo. <a href=\"http:\/\/www.premioinnovare.com.br\/\">(Saiba Mais). <\/a><\/p>\n<p><a href=\"http:\/\/www.anadep.org.br\/wtk\/pagina\/materia?id=17048\">http:\/\/www.anadep.org.br\/wtk\/pagina\/materia?id=17048<\/a><\/p>","protected":false},"excerpt":{"rendered":"<p>Ve\u00edculo: Ascom ANADEP Estado: DF O presidente e a presidente eleita da ANADEP, Andr\u00e9 Castro e Patr\u00edcia Kettermann, participaram, nesta quinta-feira, da solenidade de abertura da 10\u00aa edi\u00e7\u00e3o do Pr\u00eamio Innovare, que ocorreu no Superior Tribunal de Justi\u00e7a (STJ), em Bras\u00edlia. As inscri\u00e7\u00f5es j\u00e1 est\u00e3o abertas e podem ser feitas at\u00e9 o dia 31 de [&hellip;]<\/p>\n","protected":false},"author":13,"featured_media":0,"comment_status":"open","ping_status":"closed","sticky":false,"template":"","format":"standard","meta":{"inline_featured_image":false,"footnotes":""},"categories":[1],"tags":[],"anos":[],"projetos":[],"autorias":[],"eixos_tematicos":[],"locais":[],"pessoas":[],"estado":[],"academia":[],"sociedade_civil":[],"class_list":["post-5614","post","type-post","status-publish","format-standard","hentry","category-noticias"],"_links":{"self":[{"href":"https:\/\/staging.forumjustica.com.br\/en\/wp-json\/wp\/v2\/posts\/5614","targetHints":{"allow":["GET"]}}],"collection":[{"href":"https:\/\/staging.forumjustica.com.br\/en\/wp-json\/wp\/v2\/posts"}],"about":[{"href":"https:\/\/staging.forumjustica.com.br\/en\/wp-json\/wp\/v2\/types\/post"}],"author":[{"embeddable":true,"href":"https:\/\/staging.forumjustica.com.br\/en\/wp-json\/wp\/v2\/users\/13"}],"replies":[{"embeddable":true,"href":"https:\/\/staging.forumjustica.com.br\/en\/wp-json\/wp\/v2\/comments?post=5614"}],"version-history":[{"count":1,"href":"https:\/\/staging.forumjustica.com.br\/en\/wp-json\/wp\/v2\/posts\/5614\/revisions"}],"predecessor-version":[{"id":17720,"href":"https:\/\/staging.forumjustica.com.br\/en\/wp-json\/wp\/v2\/posts\/5614\/revisions\/17720"}],"wp:attachment":[{"href":"https:\/\/staging.forumjustica.com.br\/en\/wp-json\/wp\/v2\/media?parent=5614"}],"wp:term":[{"taxonomy":"category","embeddable":true,"href":"https:\/\/staging.forumjustica.com.br\/en\/wp-json\/wp\/v2\/categories?post=5614"},{"taxonomy":"post_tag","embeddable":true,"href":"https:\/\/staging.forumjustica.com.br\/en\/wp-json\/wp\/v2\/tags?post=5614"},{"taxonomy":"anos","embeddable":true,"href":"https:\/\/staging.forumjustica.com.br\/en\/wp-json\/wp\/v2\/anos?post=5614"},{"taxonomy":"projetos","embeddable":true,"href":"https:\/\/staging.forumjustica.com.br\/en\/wp-json\/wp\/v2\/projetos?post=5614"},{"taxonomy":"autorias","embeddable":true,"href":"https:\/\/staging.forumjustica.com.br\/en\/wp-json\/wp\/v2\/autorias?post=5614"},{"taxonomy":"eixos_tematicos","embeddable":true,"href":"https:\/\/staging.forumjustica.com.br\/en\/wp-json\/wp\/v2\/eixos_tematicos?post=5614"},{"taxonomy":"locais","embeddable":true,"href":"https:\/\/staging.forumjustica.com.br\/en\/wp-json\/wp\/v2\/locais?post=5614"},{"taxonomy":"pessoas","embeddable":true,"href":"https:\/\/staging.forumjustica.com.br\/en\/wp-json\/wp\/v2\/pessoas?post=5614"},{"taxonomy":"estado","embeddable":true,"href":"https:\/\/staging.forumjustica.com.br\/en\/wp-json\/wp\/v2\/estado?post=5614"},{"taxonomy":"academia","embeddable":true,"href":"https:\/\/staging.forumjustica.com.br\/en\/wp-json\/wp\/v2\/academia?post=5614"},{"taxonomy":"sociedade_civil","embeddable":true,"href":"https:\/\/staging.forumjustica.com.br\/en\/wp-json\/wp\/v2\/sociedade_civil?post=5614"}],"curies":[{"name":"wp","href":"https:\/\/api.w.org\/{rel}","templated":true}]}}