{"id":5610,"date":"2013-04-05T11:14:18","date_gmt":"2013-04-05T13:14:18","guid":{"rendered":"https:\/\/forumjustica.vlannetwork.com\/?p=5610"},"modified":"2022-09-04T21:16:19","modified_gmt":"2022-09-05T00:16:19","slug":"onu-baixo-n%c2%ba-de-defensores-publicos-no-brasil-fomenta-prisoes-arbitrarias","status":"publish","type":"post","link":"https:\/\/staging.forumjustica.com.br\/en\/onu-baixo-n%c2%ba-de-defensores-publicos-no-brasil-fomenta-prisoes-arbitrarias\/","title":{"rendered":"ONU: baixo n\u00ba de defensores p\u00fablicos no Brasil fomenta pris\u00f5es arbitr\u00e1rias"},"content":{"rendered":"<p><div id=\"attachment_5611\" style=\"width: 417px\" class=\"wp-caption aligncenter\"><a href=\"https:\/\/staging.forumjustica.com.br\/wp-content\/uploads\/2013\/04\/relatorioonuprisoesarbitrariasbrasilabr.jpg\"><img loading=\"lazy\" decoding=\"async\" aria-describedby=\"caption-attachment-5611\" src=\"https:\/\/staging.forumjustica.com.br\/wp-content\/uploads\/2013\/04\/relatorioonuprisoesarbitrariasbrasilabr.jpg\" alt=\"\" title=\"relatorioonuprisoesarbitrariasbrasilabr\" width=\"407\" height=\"305\" class=\"size-full wp-image-5611\" \/><\/a><p id=\"caption-attachment-5611\" class=\"wp-caption-text\"> O advogado chileno Roberto Garret\u00f3n, perito independente nomeado pelo Conselho de Direitos Humanos da ONU, apresentou o relat\u00f3rio a autoridades brasileiras Foto: Valter Campanato \/ Ag\u00eancia Brasil<\/p><\/div><\/p>\n<p>Relat\u00f3rio da Organiza\u00e7\u00e3o das Na\u00e7\u00f5es Unidas (ONU) apresentado nesta quinta-feira aponta que medidas o Brasil precisa tomar para evitar casos de pris\u00f5es arbitr\u00e1rias. O documento foi feito por um grupo de peritos nomeados pelo Conselho de Direitos Humanos da organiza\u00e7\u00e3o, que visitou o Pa\u00eds para identificar viola\u00e7\u00f5es que possam resultar em pris\u00f5es indevidas.<\/p>\n<p>O documento preliminar destaca, dentre os aspectos negativos, o n\u00famero ainda pequeno de defensores p\u00fablicos no Pa\u00eds. &#8220;H\u00e1 Estados que n\u00e3o t\u00eam defensoria p\u00fablica e em algumas cidades os defensores chegam a ter 800 casos, o que torna imposs\u00edvel fazer uma boa defesa. Isso \u00e9 uma coisa que tem que melhorar r\u00e1pido&#8221;, disse o advogado chileno Roberto Garret\u00f3n .<\/p>\n<p>Com base em visitas a pris\u00f5es, delegacias, centros de deten\u00e7\u00e3o para imigrantes e institui\u00e7\u00f5es psiqui\u00e1tricas de Campo Grande (MT), Fortaleza (CE), do Rio de Janeiro (RJ), de S\u00e3o Paulo (SP) e Bras\u00edlia (DF), o grupo tamb\u00e9m observou que embora o Brasil tenha uma boa legisla\u00e7\u00e3o para penas alternativas, a principal medida de puni\u00e7\u00e3o ainda \u00e9 a pris\u00e3o.<\/p>\n<p>A comiss\u00e3o considera que, por uma quest\u00e3o cultural, os ju\u00edzes brasileiros ainda resistem em aplicar medidas alternativas. Segundo o grupo, com 550 mil presos, o Brasil tem uma das maiores popula\u00e7\u00f5es carcer\u00e1rias do mundo. Quase metade desse total &#8211; 217 mil pessoas &#8211; ainda aguardam julgamento.<\/p>\n<p>Apesar de nessas visitas n\u00e3o ter sido analisado nenhum caso espec\u00edfico, as interna\u00e7\u00f5es compuls\u00f3rias para dependentes de crack tamb\u00e9m est\u00e3o na lista de preocupa\u00e7\u00f5es. &#8220;O que nos disseram \u00e9 que durante os grandes eventos (Copa do Mundo e Olimp\u00edadas) o Brasil quer mostrar sua melhor cara&#8221;, disse Roberto Garret\u00f3n. Os representantes da ONU ressaltaram que a quest\u00e3o n\u00e3o \u00e9 como remover esses dependentes das ruas, mas sim como trat\u00e1-los.<\/p>\n<p>Outro ponto diz repeito \u00e0 demora para que o preso v\u00e1 a julgamento no Brasil. Segundo a comiss\u00e3o, o Pacto Internacional de Direitos Civis e Pol\u00edticos, adotado pelo Brasil desde 1992, diz que &#8220;qualquer pessoa presa dever\u00e1 ser conduzida, sem demora, \u00e0 presen\u00e7a do juiz ou de outra autoridade habilitada por lei a exercer fun\u00e7\u00f5es e ter\u00e1 o direito de ser julgada em prazo razo\u00e1vel ou de ser posta em liberdade&#8221;. Apesar disso, o grupo verificou que, aqui, o juiz \u00e9 apenas comunicado pela autoridade policial que houve uma pris\u00e3o, &#8220;isso n\u00e3o \u00e9 cumprir o pacto&#8221;, disse o advogado.<\/p>\n<p>O documento preliminar foi entregue na quarta-feira a v\u00e1rios \u00f3rg\u00e3os do governo e do judici\u00e1rio como a Secretaria de Direitos Humanos, o Minist\u00e9rio da Justi\u00e7a, e o Supremo Tribunal Federal (STF). O relat\u00f3rio final detalhado da visita ser\u00e1 apresentado em mar\u00e7o de 2014 ao Conselho de Direitos Humanos da ONU, em Genebra, na Su\u00ed\u00e7a,<\/p>\n<p>Ag\u00eancia Brasil<\/p>\n<p><a href=\"http:\/\/noticias.terra.com.br\/brasil\/onu-baixo-n-de-defensores-publicos-no-brasil-fomenta-prisoes-arbitrarias,8df645034e8ad310VgnCLD2000000dc6eb0aRCRD.html\">http:\/\/noticias.terra.com.br\/brasil\/onu-baixo-n-de-defensores-publicos-no-brasil-fomenta-prisoes-arbitrarias,8df645034e8ad310VgnCLD2000000dc6eb0aRCRD.html<\/a><\/p>","protected":false},"excerpt":{"rendered":"<p>Relat\u00f3rio da Organiza\u00e7\u00e3o das Na\u00e7\u00f5es Unidas (ONU) apresentado nesta quinta-feira aponta que medidas o Brasil precisa tomar para evitar casos de pris\u00f5es arbitr\u00e1rias. O documento foi feito por um grupo de peritos nomeados pelo Conselho de Direitos Humanos da organiza\u00e7\u00e3o, que visitou o Pa\u00eds para identificar viola\u00e7\u00f5es que possam resultar em pris\u00f5es indevidas. O documento [&hellip;]<\/p>\n","protected":false},"author":13,"featured_media":0,"comment_status":"open","ping_status":"closed","sticky":false,"template":"","format":"standard","meta":{"inline_featured_image":false,"footnotes":""},"categories":[1],"tags":[],"anos":[],"projetos":[],"autorias":[],"eixos_tematicos":[],"locais":[],"pessoas":[],"estado":[],"academia":[],"sociedade_civil":[],"class_list":["post-5610","post","type-post","status-publish","format-standard","hentry","category-noticias"],"_links":{"self":[{"href":"https:\/\/staging.forumjustica.com.br\/en\/wp-json\/wp\/v2\/posts\/5610","targetHints":{"allow":["GET"]}}],"collection":[{"href":"https:\/\/staging.forumjustica.com.br\/en\/wp-json\/wp\/v2\/posts"}],"about":[{"href":"https:\/\/staging.forumjustica.com.br\/en\/wp-json\/wp\/v2\/types\/post"}],"author":[{"embeddable":true,"href":"https:\/\/staging.forumjustica.com.br\/en\/wp-json\/wp\/v2\/users\/13"}],"replies":[{"embeddable":true,"href":"https:\/\/staging.forumjustica.com.br\/en\/wp-json\/wp\/v2\/comments?post=5610"}],"version-history":[{"count":1,"href":"https:\/\/staging.forumjustica.com.br\/en\/wp-json\/wp\/v2\/posts\/5610\/revisions"}],"predecessor-version":[{"id":17718,"href":"https:\/\/staging.forumjustica.com.br\/en\/wp-json\/wp\/v2\/posts\/5610\/revisions\/17718"}],"wp:attachment":[{"href":"https:\/\/staging.forumjustica.com.br\/en\/wp-json\/wp\/v2\/media?parent=5610"}],"wp:term":[{"taxonomy":"category","embeddable":true,"href":"https:\/\/staging.forumjustica.com.br\/en\/wp-json\/wp\/v2\/categories?post=5610"},{"taxonomy":"post_tag","embeddable":true,"href":"https:\/\/staging.forumjustica.com.br\/en\/wp-json\/wp\/v2\/tags?post=5610"},{"taxonomy":"anos","embeddable":true,"href":"https:\/\/staging.forumjustica.com.br\/en\/wp-json\/wp\/v2\/anos?post=5610"},{"taxonomy":"projetos","embeddable":true,"href":"https:\/\/staging.forumjustica.com.br\/en\/wp-json\/wp\/v2\/projetos?post=5610"},{"taxonomy":"autorias","embeddable":true,"href":"https:\/\/staging.forumjustica.com.br\/en\/wp-json\/wp\/v2\/autorias?post=5610"},{"taxonomy":"eixos_tematicos","embeddable":true,"href":"https:\/\/staging.forumjustica.com.br\/en\/wp-json\/wp\/v2\/eixos_tematicos?post=5610"},{"taxonomy":"locais","embeddable":true,"href":"https:\/\/staging.forumjustica.com.br\/en\/wp-json\/wp\/v2\/locais?post=5610"},{"taxonomy":"pessoas","embeddable":true,"href":"https:\/\/staging.forumjustica.com.br\/en\/wp-json\/wp\/v2\/pessoas?post=5610"},{"taxonomy":"estado","embeddable":true,"href":"https:\/\/staging.forumjustica.com.br\/en\/wp-json\/wp\/v2\/estado?post=5610"},{"taxonomy":"academia","embeddable":true,"href":"https:\/\/staging.forumjustica.com.br\/en\/wp-json\/wp\/v2\/academia?post=5610"},{"taxonomy":"sociedade_civil","embeddable":true,"href":"https:\/\/staging.forumjustica.com.br\/en\/wp-json\/wp\/v2\/sociedade_civil?post=5610"}],"curies":[{"name":"wp","href":"https:\/\/api.w.org\/{rel}","templated":true}]}}