{"id":5577,"date":"2013-04-04T12:00:48","date_gmt":"2013-04-04T14:00:48","guid":{"rendered":"https:\/\/forumjustica.vlannetwork.com\/?p=5577"},"modified":"2022-09-04T21:16:20","modified_gmt":"2022-09-05T00:16:20","slug":"opcao-sexual-e-religiao-aluno-denuncia-discriminacao-na-escola","status":"publish","type":"post","link":"https:\/\/staging.forumjustica.com.br\/en\/opcao-sexual-e-religiao-aluno-denuncia-discriminacao-na-escola\/","title":{"rendered":"OP\u00c7\u00c3O SEXUAL E RELIGI\u00c3O Aluno denuncia discrimina\u00e7\u00e3o na escola"},"content":{"rendered":"<p><a href=\"https:\/\/staging.forumjustica.com.br\/wp-content\/uploads\/2013\/04\/demenor.jpeg\"><img loading=\"lazy\" decoding=\"async\" src=\"https:\/\/staging.forumjustica.com.br\/wp-content\/uploads\/2013\/04\/demenor.jpeg\" alt=\"\" title=\"demenor\" width=\"250\" height=\"200\" class=\"aligncenter size-full wp-image-5578\" \/><\/a><br \/>\nUm adolescente de 17 anos diz ter sido duplamente discriminado na escola onde estuda por ser homossexual e por ser<br \/>\ncandomblecista. A agress\u00e3o teria partido de uma professora e do diretor da Escola Estadual Ant\u00f4nio Carlos Natalino, na quarta-feira, 13. Da professora o aluno teria ouvido que era \u201cnojento como todos os homossexuais\u201d. O caso foi levado ao diretor da institui\u00e7\u00e3o, que \u00e9 evang\u00e9lico. Ap\u00f3s ter lido trechos da B\u00edblia para o aluno, ele teria dito ao aluno que \u201cteria que aceitar Jesus como seu salvador\u201d.<\/p>\n<p>Rec\u00e9m transferido para a escola, o jovem contou que a discuss\u00e3o come\u00e7ou na segunda aula que ele tinha com aquela professora. Disse que foi repreendido por ter chegado atrasado, posteriormente por estar com os p\u00e9s sobre a cadeira e, por fim, por estar com o celular sobre a mesa. \u201cEla gritou na frente de todos os alunos perguntando se eu estava ficando surdo. Eu respondi perguntando se ela estava louca para gritar comigo na frente de outros alunos. Ela come\u00e7ou a me chamar de nojento, de criatura rid\u00edcula, e os outros alunos come\u00e7aram a rir\u201d, relatou o aluno.<\/p>\n<p>Depois disso, come\u00e7ou uma discuss\u00e3o presenciada por v\u00e1rios alunos e funcion\u00e1rios da escola at\u00e9 chegar \u00e0 sala da diretoria. O adolescente contou que, sem sequer ouvir o aluno, o diretor da escola o teria mandado pegar o material e ir embora para casa e voltar no dia seguinte com um respons\u00e1vel para assinar a transfer\u00eancia dele da escola, sem qualquer advert\u00eancia pr\u00e9via.<\/p>\n<p>O aluno retornou \u00e0 escola com a irm\u00e3 e, neste momento, o diretor da unidade teria dito que n\u00e3o queria falar com ela e dissera que ela fosse para a sala de orienta\u00e7\u00e3o pedag\u00f3gica. Na ocasi\u00e3o, o diretor teria afirmado que a escola tem 65 alunos na lista de espera, das quais duas dessas seriam sobrinhas dele e que ele teria insinuado que queria dar lugar a estas alunas.<\/p>\n<p>No dia seguinte, houve uma nova reuni\u00e3o na qual o diretor da escola teria afirmado que ficou sabendo da religi\u00e3o do aluno depois de conversar com pessoas que conheciam o adolescente. \u201cQuando chegamos na sala dele, ele n\u00e3o quis saber o que tinha acontecido e come\u00e7ou a ler a B\u00edblia, dizendo que eu e a minha irm\u00e3 t\u00ednhamos que aceitar Jesus nos nossos cora\u00e7\u00f5es e que ainda havia tempo de nos redimir dos nossos pecados. Ele insultou nossa religi\u00e3o o tempo todo\u201d, afirmou o estudante.<\/p>\n<p>O aluno contou que teria ouvido de um dos professores que o diretor havia dado ordens expressas para que os funcion\u00e1rios ficassem atentos ao aluno, pois na primeira oportunidade gostaria de expuls\u00e1-lo da escola. Depois que o caso foi denunciado na Ouvidoria da Secretaria Estadual de Educa\u00e7\u00e3o (Seed), o jovem voltou a frequentar a escola e, segundo ele, os funcion\u00e1rios envolvidos \u201cfingem que nada aconteceu\u201d.  \u201cA gente at\u00e9 espera agress\u00e3o de um aluno, mas nunca de um professor e muito menos de um diretor de escola\u201d, lamentou o aluno.<\/p>\n<p>INTOLER\u00c2NCIA \u2013 Embora a Constitui\u00e7\u00e3o Federal, em seu artigo 5, inciso 8, assegure que o cidad\u00e3o n\u00e3o pode ser privado de seus direitos em raz\u00e3o de cren\u00e7a religiosa, n\u00e3o \u00e9 a primeira vez que ocorrem casos de intoler\u00e2ncia em unidades educacionais no Estado.<\/p>\n<p>Em mar\u00e7o do ano passado, uma acad\u00eamica de Direito da Universidade Estadual de Roraima (Uerr), praticante de religi\u00e3o afro-descendente, afirmou ter sido v\u00edtima de discrimina\u00e7\u00e3o religiosa por uma professora do curso dentro de sala de aula.<\/p>\n<p>L\u00edder religiosa tamb\u00e9m diz ter sido agredida por diretor<\/p>\n<p>Vera Aparecida, l\u00edder espiritual no Candombl\u00e9, formalizou den\u00fancia<\/p>\n<p>A zeladora de Orix\u00e1 \u2013 l\u00edder espiritual no Candombl\u00e9 \u2013 Vera Aparecida resolveu comprar a briga do garoto e foi \u00e0 escola tirar satisfa\u00e7\u00f5es a respeito do ocorrido. Usando os trajes tradicionais da religi\u00e3o, ela teria sido atendida com ira pelo diretor.<\/p>\n<p>\u201cQuando eu disse que ia procurar os direitos do garoto, ele disse que eu podia fazer o que quisesse e virou as costas. Fui atr\u00e1s dele e ele voltou e me deu um encontr\u00e3o\u201d, relatou.<\/p>\n<p>Ap\u00f3s o ocorrido, ela registrou um boletim de ocorr\u00eancia junto \u00e0 Pol\u00edcia Civil pela agress\u00e3o, encaminhou o rapaz para que denunciasse o crime junto ao N\u00facleo de Prote\u00e7\u00e3o \u00e0 Crian\u00e7a e ao Adolescente (NPCA), al\u00e9m de relatar o caso para ao Disque-Den\u00fancia da Secretaria Nacional de Direitos Humanos.<\/p>\n<p>A religiosa disse ainda que a fam\u00edlia vai formalizar uma den\u00fancia junto ao Minist\u00e9rio P\u00fablico de Roraima. \u201cN\u00f3s queremos uma retrata\u00e7\u00e3o, pois temos direito de exercer nossa religi\u00e3o. Queremos denunciar para que atos como este n\u00e3o se repitam\u201d, disse.<\/p>\n<p>EDUCA\u00c7\u00c3O \u2013 Sobre o caso, a Secretaria Estadual de Educa\u00e7\u00e3o e Desportos informou, em nota, que o caso foi registrado na Ouvidoria da Secretaria Estadual de Educa\u00e7\u00e3o (SEED), que apurar\u00e1 a conduta do funcion\u00e1rio e tomar\u00e1 as devidas provid\u00eancias.<\/p>\n<p><a href=\"http:\/\/www.folharoraima.com.br\/wordpress\/opcao-sexual-e-religiao-aluno-denuncia-discriminacao-na-escola\/\">http:\/\/www.folharoraima.com.br\/wordpress\/opcao-sexual-e-religiao-aluno-denuncia-discriminacao-na-escola\/<\/a><\/p>","protected":false},"excerpt":{"rendered":"<p>Um adolescente de 17 anos diz ter sido duplamente discriminado na escola onde estuda por ser homossexual e por ser candomblecista. A agress\u00e3o teria partido de uma professora e do diretor da Escola Estadual Ant\u00f4nio Carlos Natalino, na quarta-feira, 13. Da professora o aluno teria ouvido que era \u201cnojento como todos os homossexuais\u201d. O caso [&hellip;]<\/p>\n","protected":false},"author":13,"featured_media":0,"comment_status":"open","ping_status":"closed","sticky":false,"template":"","format":"standard","meta":{"inline_featured_image":false,"footnotes":""},"categories":[1],"tags":[],"anos":[],"projetos":[],"autorias":[],"eixos_tematicos":[],"locais":[],"pessoas":[],"estado":[],"academia":[],"sociedade_civil":[],"class_list":["post-5577","post","type-post","status-publish","format-standard","hentry","category-noticias"],"_links":{"self":[{"href":"https:\/\/staging.forumjustica.com.br\/en\/wp-json\/wp\/v2\/posts\/5577","targetHints":{"allow":["GET"]}}],"collection":[{"href":"https:\/\/staging.forumjustica.com.br\/en\/wp-json\/wp\/v2\/posts"}],"about":[{"href":"https:\/\/staging.forumjustica.com.br\/en\/wp-json\/wp\/v2\/types\/post"}],"author":[{"embeddable":true,"href":"https:\/\/staging.forumjustica.com.br\/en\/wp-json\/wp\/v2\/users\/13"}],"replies":[{"embeddable":true,"href":"https:\/\/staging.forumjustica.com.br\/en\/wp-json\/wp\/v2\/comments?post=5577"}],"version-history":[{"count":1,"href":"https:\/\/staging.forumjustica.com.br\/en\/wp-json\/wp\/v2\/posts\/5577\/revisions"}],"predecessor-version":[{"id":17721,"href":"https:\/\/staging.forumjustica.com.br\/en\/wp-json\/wp\/v2\/posts\/5577\/revisions\/17721"}],"wp:attachment":[{"href":"https:\/\/staging.forumjustica.com.br\/en\/wp-json\/wp\/v2\/media?parent=5577"}],"wp:term":[{"taxonomy":"category","embeddable":true,"href":"https:\/\/staging.forumjustica.com.br\/en\/wp-json\/wp\/v2\/categories?post=5577"},{"taxonomy":"post_tag","embeddable":true,"href":"https:\/\/staging.forumjustica.com.br\/en\/wp-json\/wp\/v2\/tags?post=5577"},{"taxonomy":"anos","embeddable":true,"href":"https:\/\/staging.forumjustica.com.br\/en\/wp-json\/wp\/v2\/anos?post=5577"},{"taxonomy":"projetos","embeddable":true,"href":"https:\/\/staging.forumjustica.com.br\/en\/wp-json\/wp\/v2\/projetos?post=5577"},{"taxonomy":"autorias","embeddable":true,"href":"https:\/\/staging.forumjustica.com.br\/en\/wp-json\/wp\/v2\/autorias?post=5577"},{"taxonomy":"eixos_tematicos","embeddable":true,"href":"https:\/\/staging.forumjustica.com.br\/en\/wp-json\/wp\/v2\/eixos_tematicos?post=5577"},{"taxonomy":"locais","embeddable":true,"href":"https:\/\/staging.forumjustica.com.br\/en\/wp-json\/wp\/v2\/locais?post=5577"},{"taxonomy":"pessoas","embeddable":true,"href":"https:\/\/staging.forumjustica.com.br\/en\/wp-json\/wp\/v2\/pessoas?post=5577"},{"taxonomy":"estado","embeddable":true,"href":"https:\/\/staging.forumjustica.com.br\/en\/wp-json\/wp\/v2\/estado?post=5577"},{"taxonomy":"academia","embeddable":true,"href":"https:\/\/staging.forumjustica.com.br\/en\/wp-json\/wp\/v2\/academia?post=5577"},{"taxonomy":"sociedade_civil","embeddable":true,"href":"https:\/\/staging.forumjustica.com.br\/en\/wp-json\/wp\/v2\/sociedade_civil?post=5577"}],"curies":[{"name":"wp","href":"https:\/\/api.w.org\/{rel}","templated":true}]}}