{"id":5568,"date":"2013-04-03T12:00:13","date_gmt":"2013-04-03T14:00:13","guid":{"rendered":"https:\/\/forumjustica.vlannetwork.com\/?p=5568"},"modified":"2022-09-04T21:16:20","modified_gmt":"2022-09-05T00:16:20","slug":"oracoes-obrigatorias-afetam-ateus-e-minorias-religiosas-na-rede-publica","status":"publish","type":"post","link":"https:\/\/staging.forumjustica.com.br\/en\/oracoes-obrigatorias-afetam-ateus-e-minorias-religiosas-na-rede-publica\/","title":{"rendered":"Ora\u00e7\u00f5es obrigat\u00f3rias afetam ateus e minorias religiosas na rede p\u00fablica"},"content":{"rendered":"<p>Justi\u00e7a considerou ilegal leis que impunham reza na Bahia e no Paran\u00e1<\/p>\n<div id=\"attachment_5569\" style=\"width: 510px\" class=\"wp-caption aligncenter\"><a href=\"https:\/\/staging.forumjustica.com.br\/wp-content\/uploads\/2013\/04\/2013-598571077-2013032094128.jpg_20130320.jpg\"><img loading=\"lazy\" decoding=\"async\" aria-describedby=\"caption-attachment-5569\" src=\"https:\/\/staging.forumjustica.com.br\/wp-content\/uploads\/2013\/04\/2013-598571077-2013032094128.jpg_20130320.jpg\" alt=\"\" title=\"2013-598571077-2013032094128.jpg_20130320\" width=\"500\" height=\"375\" class=\"size-full wp-image-5569\" \/><\/a><p id=\"caption-attachment-5569\" class=\"wp-caption-text\"> Irene Maria da Costa, vice-diretora da Escola Municipal Aurino Nunes, em Teresina, reza o Pai Nosso com os alunos Efr\u00e9m Ribeiro<\/p><\/div>\n<p>TERESINA e RIO- Os 161 alunos do 1\u00ba ao 5\u00ba ano do ensino fundamental da Escola Municipal Aurino Nunes, no povoado rural Bela Vista, a 32 quil\u00f4metros do centro de Teresina, come\u00e7am as aulas no p\u00e1tio rezando o Pai Nosso e cantando um c\u00e2ntico religioso que fala na presen\u00e7a de Deus e do Esp\u00edrito Santo. Ao fim do \u201cam\u00e9m\u201d, os alunos fazem o sinal da cruz antes de entrar na sala de aula.<\/p>\n<p>A vice-diretora da escola, Irene Maria da Silva conta que implantou a ora\u00e7\u00e3o e o c\u00e2ntico religioso antes das aulas quando entrou no col\u00e9gio, em 1986. Cat\u00f3lica, ela diz que as pr\u00e1ticas religiosas s\u00e3o importantes porque, al\u00e9m de deixar os alunos mais comportados, as ora\u00e7\u00f5es tornam as crian\u00e7as menos violentas. Ap\u00f3s a ora\u00e7\u00e3o e os cantos, os professores discutem sobre drogas, problema que est\u00e1 avan\u00e7ando na zona rural.<\/p>\n<p>\u2014 Aqui os alunos t\u00eam uma fezinha em Deus. Ap\u00f3s o Pai Nosso, fazemos uma palestra sobre o que se passa na comunidade. Eles obedecem demais e j\u00e1 sabem o Pai Nosso decorado. Sou religiosa, e todas as escolas deveriam come\u00e7ar as aulas com uma ora\u00e7\u00e3o \u2014 defende Irene, que tamb\u00e9m d\u00e1 aula de ci\u00eancias e matem\u00e1tica.<\/p>\n<p>Os alunos evang\u00e9licos dizem que os pais n\u00e3o gostam que rezem na escola com professoras cat\u00f3licas. M\u00e3e de dois alunos, a dona de casa Suely Feitosa, de 30 anos, se op\u00f5e a que os estudantes rezem antes de come\u00e7ar a estudar nas salas de aula. Segundo ela, as crian\u00e7as ficam confusas por aprender a rezar a Ave Maria, j\u00e1 que as religi\u00f5es n\u00e3o-cat\u00f3licas n\u00e3o t\u00eam culto \u00e0 m\u00e3e de Jesus.<\/p>\n<p>\u2014 A escola tem v\u00e1rias crian\u00e7as que s\u00e3o de outra religi\u00e3o, o que fica desagrad\u00e1vel para a forma\u00e7\u00e3o psicol\u00f3gica dos alunos \u2014 diz Suely.<\/p>\n<p>As ora\u00e7\u00f5es incomodam tamb\u00e9m os que n\u00e3o acreditam em Deus. Em Mira\u00ed, a 300km de Belo Horizonte, o caso de preconceito contra o estudante ateu Ciel Vieira ficou famoso em 2012. Ele postou um v\u00eddeo no YouTube contando que, ap\u00f3s se recusar a rezar o Pai Nosso conduzido por uma professora de geografia da Escola Estadual Santo Ant\u00f4nio, ouviu dela que \u201cjovem que n\u00e3o tem Deus no cora\u00e7\u00e3o nunca vai ser nada na vida\u201d.<\/p>\n<p>Ap\u00f3s o epis\u00f3dio, durante uma ora\u00e7\u00e3o no in\u00edcio de uma aula em que chegara atrasado, parte dos alunos cat\u00f3licos trocou a \u00faltima frase do Pai Nosso de \u201cmas livrai-nos do mal\u201d por \u201cmas livrai-nos do Ciel\u201d.<\/p>\n<p>O estudante denunciou o caso \u00e0 Associa\u00e7\u00e3o Brasileira de Ateus e Agn\u00f3sticos (Atea), que interveio junto \u00e0 secretaria estadual de Educa\u00e7\u00e3o. Depois de muita pol\u00eamica, a secretaria informou que havia orientado a professora a parar de rezar.<\/p>\n<p>Atualmente morando em Juiz de Fora, Ciel faz um balan\u00e7o um ano ap\u00f3s ter se formado no Santo Ant\u00f4nio \u2014 um dos nomes mais populares entre as 160 mil escolas brasileiras, ao lado de Nossa Senhora, Jesus Cristo, S\u00e3o Francisco.<\/p>\n<p>\u2014 Desconhecer que o estado \u00e9 laico \u00e9 falta de estrutura da escola. As pessoas se reprimem normalmente e n\u00e3o t\u00eam a coragem que tive. Meu objetivo principal foi mostrar que, apesar de ser minoria temos uma for\u00e7a grande \u2014 diz Ciel.<\/p>\n<p>O presidente da Atea, Daniel Sottomaior, cuida atualmente de dois casos semelhantes: um aluno que \u00e9 obrigado a assistir a aulas de religi\u00e3o numa escola estadual de Esteio (RS), e outro a fazer ora\u00e7\u00f5es num col\u00e9gio militar de Goi\u00e2nia.<\/p>\n<p>\u2014 O primeiro passo \u00e9 oficiar a institui\u00e7\u00e3o informando a ilegalidade pela Constitui\u00e7\u00e3o e a LDB. Damos cinco dias para n\u00e3o cobrar a ora\u00e7\u00e3o, liberar das aulas e passar uma circular a todos alunos dizendo que s\u00e3o facultativas. Se n\u00e3o cumprem, acionamos as secretarias de Educa\u00e7\u00e3o, o MP e o Conselho Tutelar \u2014 explica Sottomaior.<\/p>\n<p>H\u00e1 quem defenda transformar a ora\u00e7\u00e3o em lei. No in\u00edcio de 2012, a C\u00e2mara Municipal de Ilh\u00e9us (BA) tentou implantar na cidade uma lei que obrigava os alunos da rede p\u00fablica a rezarem o Pai Nosso antes do in\u00edcio das aulas. A \u201cLei do Pai Nosso\u201d, de autoria do vereador Alzim\u00e1rio Belmonte (PP-BA), foi aprovada na C\u00e2mara e sancionada pelo ent\u00e3o prefeito Newton Lima (PT).<\/p>\n<p><strong>TJ proibiu lei do pai nosso<\/strong><\/p>\n<p>Logo depois, o Minist\u00e9rio P\u00fablico Estadual entendeu que a lei violava \u201cde modo expl\u00edcito\u201d as Constitui\u00e7\u00f5es Federal e Estadual \u201cpor afrontar diretamente a liberdade de religi\u00e3o e culto\u201d, entrando com uma A\u00e7\u00e3o Direta de Inconstitucionalidade (Adin) no Tribunal de Justi\u00e7a do Estado da Bahia para suspender os efeitos da lei. O desembargador Cl\u00e9sio R\u00f4mulo Carrilho Rosa acatou o pedido do MPE e suspendeu a lei em abril de 2012.<\/p>\n<p>Em Apucarana, no norte do Paran\u00e1, um projeto de lei similar foi derrubado na segunda vota\u00e7\u00e3o, em julho de 2012, por press\u00e3o do Minist\u00e9rio P\u00fablico, que amea\u00e7ou entrar com uma Adin caso fosse aprovado.<\/p>\n<p>Em mar\u00e7o do ano passado, a fam\u00edlia de um estudante de 15 anos que sofreu bullying por se recusar a fazer ora\u00e7\u00f5es na escola Ant\u00f4nio Caputo, em s\u00e3o Bernardo do Campo, decidiu processar o estado de S\u00e3o Paulo por discrimina\u00e7\u00e3o religiosa.<br \/>\nTocantins \u00e9 o estado com maior percentual de escolas p\u00fablicas em que h\u00e1 ora\u00e7\u00f5es ou cantos: 74%. Em seguida, v\u00eam Goi\u00e1s (67%), Esp\u00edrito Santo (66%), Amazonas (65%) e Minas Gerais (64,8%).<\/p>\n<p><a href=\"http:\/\/oglobo.globo.com\/educacao\/oracoes-obrigatorias-afetam-ateus-minorias-religiosas-na-rede-publica-7928328\">http:\/\/oglobo.globo.com\/educacao\/oracoes-obrigatorias-afetam-ateus-minorias-religiosas-na-rede-publica-7928328<\/a><\/p>","protected":false},"excerpt":{"rendered":"<p>Justi\u00e7a considerou ilegal leis que impunham reza na Bahia e no Paran\u00e1 TERESINA e RIO- Os 161 alunos do 1\u00ba ao 5\u00ba ano do ensino fundamental da Escola Municipal Aurino Nunes, no povoado rural Bela Vista, a 32 quil\u00f4metros do centro de Teresina, come\u00e7am as aulas no p\u00e1tio rezando o Pai Nosso e cantando um [&hellip;]<\/p>\n","protected":false},"author":13,"featured_media":0,"comment_status":"open","ping_status":"closed","sticky":false,"template":"","format":"standard","meta":{"inline_featured_image":false,"footnotes":""},"categories":[1],"tags":[],"anos":[],"projetos":[],"autorias":[],"eixos_tematicos":[],"locais":[],"pessoas":[],"estado":[],"academia":[],"sociedade_civil":[],"class_list":["post-5568","post","type-post","status-publish","format-standard","hentry","category-noticias"],"_links":{"self":[{"href":"https:\/\/staging.forumjustica.com.br\/en\/wp-json\/wp\/v2\/posts\/5568","targetHints":{"allow":["GET"]}}],"collection":[{"href":"https:\/\/staging.forumjustica.com.br\/en\/wp-json\/wp\/v2\/posts"}],"about":[{"href":"https:\/\/staging.forumjustica.com.br\/en\/wp-json\/wp\/v2\/types\/post"}],"author":[{"embeddable":true,"href":"https:\/\/staging.forumjustica.com.br\/en\/wp-json\/wp\/v2\/users\/13"}],"replies":[{"embeddable":true,"href":"https:\/\/staging.forumjustica.com.br\/en\/wp-json\/wp\/v2\/comments?post=5568"}],"version-history":[{"count":1,"href":"https:\/\/staging.forumjustica.com.br\/en\/wp-json\/wp\/v2\/posts\/5568\/revisions"}],"predecessor-version":[{"id":17724,"href":"https:\/\/staging.forumjustica.com.br\/en\/wp-json\/wp\/v2\/posts\/5568\/revisions\/17724"}],"wp:attachment":[{"href":"https:\/\/staging.forumjustica.com.br\/en\/wp-json\/wp\/v2\/media?parent=5568"}],"wp:term":[{"taxonomy":"category","embeddable":true,"href":"https:\/\/staging.forumjustica.com.br\/en\/wp-json\/wp\/v2\/categories?post=5568"},{"taxonomy":"post_tag","embeddable":true,"href":"https:\/\/staging.forumjustica.com.br\/en\/wp-json\/wp\/v2\/tags?post=5568"},{"taxonomy":"anos","embeddable":true,"href":"https:\/\/staging.forumjustica.com.br\/en\/wp-json\/wp\/v2\/anos?post=5568"},{"taxonomy":"projetos","embeddable":true,"href":"https:\/\/staging.forumjustica.com.br\/en\/wp-json\/wp\/v2\/projetos?post=5568"},{"taxonomy":"autorias","embeddable":true,"href":"https:\/\/staging.forumjustica.com.br\/en\/wp-json\/wp\/v2\/autorias?post=5568"},{"taxonomy":"eixos_tematicos","embeddable":true,"href":"https:\/\/staging.forumjustica.com.br\/en\/wp-json\/wp\/v2\/eixos_tematicos?post=5568"},{"taxonomy":"locais","embeddable":true,"href":"https:\/\/staging.forumjustica.com.br\/en\/wp-json\/wp\/v2\/locais?post=5568"},{"taxonomy":"pessoas","embeddable":true,"href":"https:\/\/staging.forumjustica.com.br\/en\/wp-json\/wp\/v2\/pessoas?post=5568"},{"taxonomy":"estado","embeddable":true,"href":"https:\/\/staging.forumjustica.com.br\/en\/wp-json\/wp\/v2\/estado?post=5568"},{"taxonomy":"academia","embeddable":true,"href":"https:\/\/staging.forumjustica.com.br\/en\/wp-json\/wp\/v2\/academia?post=5568"},{"taxonomy":"sociedade_civil","embeddable":true,"href":"https:\/\/staging.forumjustica.com.br\/en\/wp-json\/wp\/v2\/sociedade_civil?post=5568"}],"curies":[{"name":"wp","href":"https:\/\/api.w.org\/{rel}","templated":true}]}}