{"id":5498,"date":"2013-03-23T16:58:24","date_gmt":"2013-03-23T18:58:24","guid":{"rendered":"https:\/\/forumjustica.vlannetwork.com\/?p=5498"},"modified":"2022-09-04T21:16:20","modified_gmt":"2022-09-05T00:16:20","slug":"pm-invade-museu-do-indio-com-balas-de-borracha-e-gas-lacrimogeneo","status":"publish","type":"post","link":"https:\/\/staging.forumjustica.com.br\/en\/pm-invade-museu-do-indio-com-balas-de-borracha-e-gas-lacrimogeneo\/","title":{"rendered":"PM invade Museu do \u00cdndio com balas de borracha e g\u00e1s lacrimog\u00eaneo"},"content":{"rendered":"<p>22\/03\/2013 &#8211; da Reda\u00e7\u00e3o<\/p>\n<div id=\"attachment_5501\" style=\"width: 670px\" class=\"wp-caption aligncenter\"><a href=\"https:\/\/staging.forumjustica.com.br\/wp-content\/uploads\/2013\/03\/PM-invade-museu-do-indio_T-nia-R-go_ABr.gif\"><img loading=\"lazy\" decoding=\"async\" aria-describedby=\"caption-attachment-5501\" src=\"https:\/\/staging.forumjustica.com.br\/wp-content\/uploads\/2013\/03\/PM-invade-museu-do-indio_T-nia-R-go_ABr.gif\" alt=\"\" title=\"PM-invade-museu-do-indio_T\u00e2nia-R\u00eago_ABr\" width=\"660\" height=\"390\" class=\"size-full wp-image-5501\" \/><\/a><p id=\"caption-attachment-5501\" class=\"wp-caption-text\">A\u00e7\u00e3o ocorreu no final da manh\u00e3 desta sexta-feira (22) por 200 policiais do Bope; manifestantes e jornalistas ficaram feridos <\/p><\/div>\n<p>Policiais do Batalh\u00e3o de Choque da Pol\u00edcia Militar invadiram, com spray de pimenta e g\u00e1s lacrimog\u00eaneo, o pr\u00e9dio do antigo Museu do \u00cdndio, ao lado do Est\u00e1dio do Maracan\u00e3 (RJ). Tiros de balas de borracha tamb\u00e9m foram disparados. Manifestantes e jornalistas ficaram feridos. A invas\u00e3o ocorreu no final da manh\u00e3 desta sexta-feira (22) por 200 policiais do Bope.<\/p>\n<p>A a\u00e7\u00e3o da PM ocorreu ap\u00f3s terminar uma negocia\u00e7\u00e3o, que come\u00e7ou \u00e0s 3h da madrugada com a chegada do Choque. Pouco antes das 11h, os policiais come\u00e7aram a desfazer o cerco, dando ind\u00edcio de que havia um acordo. Por\u00e9m, pouco depois, \u00e0s 11h30, o clima ficou tenso. Um grupo ateou fogo em uma oca erguida no terreno e, logo em seguida, o Choque invadiu o local.<\/p>\n<p> <div id=\"attachment_5502\" style=\"width: 670px\" class=\"wp-caption aligncenter\"><a href=\"https:\/\/staging.forumjustica.com.br\/wp-content\/uploads\/2013\/03\/PM-invade-museu-do-ndio_Reprodu-o.gif\"><img loading=\"lazy\" decoding=\"async\" aria-describedby=\"caption-attachment-5502\" src=\"https:\/\/staging.forumjustica.com.br\/wp-content\/uploads\/2013\/03\/PM-invade-museu-do-ndio_Reprodu-o.gif\" alt=\"\" title=\"PM-invade-museu-do-\u00edndio_Reprodu\u00e7\u00e3o\" width=\"660\" height=\"390\" class=\"size-full wp-image-5502\" \/><\/a><p id=\"caption-attachment-5502\" class=\"wp-caption-text\">200 policiais do Bope invadiram hoje (22) o Museu do \u00cdndio. Na foto, ind\u00edgenas seguram um beb\u00ea. Foto: Reprodu\u00e7\u00e3o<\/p><\/div><br \/>\nSegundo o coronel Frederico Caldas, a decis\u00e3o de entrar no antigo museu ocorreu por causa do inc\u00eandio, pois alegou que o fogo estava se alastrando pelas \u00e1rvores. Todos os \u00edndios sa\u00edram, deixando o im\u00f3vel vazio.<\/p>\n<p>Copa<\/p>\n<p>A pol\u00eamica sobre o destino do espa\u00e7o come\u00e7ou em outubro de 2012, quando o governo do estado anunciou mudan\u00e7as no entorno do Maracan\u00e3, para que o est\u00e1dio pudesse receber a Copa das Confedera\u00e7\u00f5es, em 2013, a Copa do Mundo, em 2014, e a Olimp\u00edada, em 2016.<\/p>\n<p>Pelo projeto da Casa Civil, o Maracan\u00e3 seria transferido para a iniciativa privada, que deveria construir um estacionamento, um centro comercial e \u00e1reas para sa\u00edda do p\u00fablico. Para isso, alguns pr\u00e9dios ao redor do est\u00e1dio deveriam ser demolidos, entre eles o casar\u00e3o do antigo Museu do \u00cdndio, que funcionou no local de 1910 at\u00e9 1978.<\/p>\n<p>Constru\u00eddo no s\u00e9culo 19, o pr\u00e9dio abrigou o Servi\u00e7o de Prote\u00e7\u00e3o ao \u00cdndio, comandado pelo Marechal Candido Rondon. J\u00e1 como museu, o local teve entre seus diretores o antrop\u00f3logo Darcy Ribeiro. O grupo de ind\u00edgenas que ocupava o pr\u00e9dio \u2013 e deu ao museu o nome de Aldeia Maracan\u00e3 \u2013 estava no local desde 2006.<\/p>\n<p>Entenda o que est\u00e1 em jogo nos dois v\u00eddeos abaixo:<\/p>\n<p>para assistir ao primeiro v\u00eddeo \u00e9 preciso clicar no link a seguir:<br \/>\n<a href=\"http:\/\/www.youtube.com\/watch?v=tHNTZ2WLAmw\">http:\/\/www.youtube.com\/watch?v=tHNTZ2WLAmw<\/a><\/p>\n<p><iframe loading=\"lazy\" title=\"SOS Aldeia Maracan\u00e3!!!\" width=\"500\" height=\"281\" src=\"https:\/\/www.youtube.com\/embed\/kfeQvcSTBhc?feature=oembed\" frameborder=\"0\" allow=\"accelerometer; autoplay; clipboard-write; encrypted-media; gyroscope; picture-in-picture; web-share\" referrerpolicy=\"strict-origin-when-cross-origin\" allowfullscreen><\/iframe><\/p>\n<p><a href=\"http:\/\/www.brasildefato.com.br\/node\/12416\"> http:\/\/www.brasildefato.com.br\/node\/12416<\/a><\/p>\n","protected":false},"excerpt":{"rendered":"<p>22\/03\/2013 &#8211; da Reda\u00e7\u00e3o Policiais do Batalh\u00e3o de Choque da Pol\u00edcia Militar invadiram, com spray de pimenta e g\u00e1s lacrimog\u00eaneo, o pr\u00e9dio do antigo Museu do \u00cdndio, ao lado do Est\u00e1dio do Maracan\u00e3 (RJ). Tiros de balas de borracha tamb\u00e9m foram disparados. Manifestantes e jornalistas ficaram feridos. A invas\u00e3o ocorreu no final da manh\u00e3 desta [&hellip;]<\/p>\n","protected":false},"author":13,"featured_media":0,"comment_status":"open","ping_status":"closed","sticky":false,"template":"","format":"standard","meta":{"inline_featured_image":false,"footnotes":""},"categories":[1],"tags":[],"anos":[],"projetos":[],"autorias":[],"eixos_tematicos":[],"locais":[],"pessoas":[],"estado":[],"academia":[],"sociedade_civil":[],"class_list":["post-5498","post","type-post","status-publish","format-standard","hentry","category-noticias"],"_links":{"self":[{"href":"https:\/\/staging.forumjustica.com.br\/en\/wp-json\/wp\/v2\/posts\/5498","targetHints":{"allow":["GET"]}}],"collection":[{"href":"https:\/\/staging.forumjustica.com.br\/en\/wp-json\/wp\/v2\/posts"}],"about":[{"href":"https:\/\/staging.forumjustica.com.br\/en\/wp-json\/wp\/v2\/types\/post"}],"author":[{"embeddable":true,"href":"https:\/\/staging.forumjustica.com.br\/en\/wp-json\/wp\/v2\/users\/13"}],"replies":[{"embeddable":true,"href":"https:\/\/staging.forumjustica.com.br\/en\/wp-json\/wp\/v2\/comments?post=5498"}],"version-history":[{"count":1,"href":"https:\/\/staging.forumjustica.com.br\/en\/wp-json\/wp\/v2\/posts\/5498\/revisions"}],"predecessor-version":[{"id":17741,"href":"https:\/\/staging.forumjustica.com.br\/en\/wp-json\/wp\/v2\/posts\/5498\/revisions\/17741"}],"wp:attachment":[{"href":"https:\/\/staging.forumjustica.com.br\/en\/wp-json\/wp\/v2\/media?parent=5498"}],"wp:term":[{"taxonomy":"category","embeddable":true,"href":"https:\/\/staging.forumjustica.com.br\/en\/wp-json\/wp\/v2\/categories?post=5498"},{"taxonomy":"post_tag","embeddable":true,"href":"https:\/\/staging.forumjustica.com.br\/en\/wp-json\/wp\/v2\/tags?post=5498"},{"taxonomy":"anos","embeddable":true,"href":"https:\/\/staging.forumjustica.com.br\/en\/wp-json\/wp\/v2\/anos?post=5498"},{"taxonomy":"projetos","embeddable":true,"href":"https:\/\/staging.forumjustica.com.br\/en\/wp-json\/wp\/v2\/projetos?post=5498"},{"taxonomy":"autorias","embeddable":true,"href":"https:\/\/staging.forumjustica.com.br\/en\/wp-json\/wp\/v2\/autorias?post=5498"},{"taxonomy":"eixos_tematicos","embeddable":true,"href":"https:\/\/staging.forumjustica.com.br\/en\/wp-json\/wp\/v2\/eixos_tematicos?post=5498"},{"taxonomy":"locais","embeddable":true,"href":"https:\/\/staging.forumjustica.com.br\/en\/wp-json\/wp\/v2\/locais?post=5498"},{"taxonomy":"pessoas","embeddable":true,"href":"https:\/\/staging.forumjustica.com.br\/en\/wp-json\/wp\/v2\/pessoas?post=5498"},{"taxonomy":"estado","embeddable":true,"href":"https:\/\/staging.forumjustica.com.br\/en\/wp-json\/wp\/v2\/estado?post=5498"},{"taxonomy":"academia","embeddable":true,"href":"https:\/\/staging.forumjustica.com.br\/en\/wp-json\/wp\/v2\/academia?post=5498"},{"taxonomy":"sociedade_civil","embeddable":true,"href":"https:\/\/staging.forumjustica.com.br\/en\/wp-json\/wp\/v2\/sociedade_civil?post=5498"}],"curies":[{"name":"wp","href":"https:\/\/api.w.org\/{rel}","templated":true}]}}