{"id":5491,"date":"2013-03-25T09:00:20","date_gmt":"2013-03-25T11:00:20","guid":{"rendered":"https:\/\/forumjustica.vlannetwork.com\/?p=5491"},"modified":"2022-09-04T21:16:20","modified_gmt":"2022-09-05T00:16:20","slug":"manifestacao-de-solidariedade-a-defensora-publica-elisabeth-chagas-por-uma-melhor-estruturacao-do-nudem","status":"publish","type":"post","link":"https:\/\/staging.forumjustica.com.br\/en\/manifestacao-de-solidariedade-a-defensora-publica-elisabeth-chagas-por-uma-melhor-estruturacao-do-nudem\/","title":{"rendered":"Manifesta\u00e7\u00e3o de solidariedade \u00e0 Defensora P\u00fablica Elisabeth Chagas, por uma melhor estrutura\u00e7\u00e3o do NUDEM"},"content":{"rendered":"<p><a href=\"https:\/\/staging.forumjustica.com.br\/wp-content\/uploads\/2013\/03\/Logo-Renap-CE.jpg\"><img loading=\"lazy\" decoding=\"async\" src=\"https:\/\/staging.forumjustica.com.br\/wp-content\/uploads\/2013\/03\/Logo-Renap-CE.jpg\" alt=\"\" title=\"Logo-Renap-CE\" width=\"331\" height=\"78\" class=\"aligncenter size-full wp-image-5492\" srcset=\"https:\/\/staging.forumjustica.com.br\/wp-content\/uploads\/2013\/03\/Logo-Renap-CE.jpg 331w, https:\/\/staging.forumjustica.com.br\/wp-content\/uploads\/2013\/03\/Logo-Renap-CE-300x71.jpg 300w\" sizes=\"auto, (max-width: 331px) 100vw, 331px\" \/><\/a><\/p>\n<p>A Rede Nacional de Advogados e Advogadas Populares no Cear\u00e1, RENAP-CE; a Marcha Mundial de Mulheres no Cear\u00e1, MMM-CE; o F\u00f3rum Cearense de Mulheres- FCM; o Servi\u00e7o de Assessoria Jur\u00eddica Universit\u00e1ria Popular- SAJU; a Assessoria Jur\u00eddica do MST-CE; o Movimento de Luta nos Bairros e Vilas e Favelas no Cear\u00e1, MLB-CE; e a Organiza\u00e7\u00e3o Urucum; v\u00eam manifestar a sua solidariedade \u00e0 Defensora P\u00fablica Elisabeth Chagas, do N\u00facleo de Enfrentamento \u00e0 Viol\u00eancia contra Mulher. A sua manifesta\u00e7\u00e3o sobre o corte do ve\u00edculo que servia ao N\u00facleo n\u00e3o merece reparo e sim apoio. A sociedade precisa saber das defici\u00eancias das pol\u00edticas p\u00fablicas, para poder contribuir e cobrar, no sentido que seja realizada a Constitui\u00e7\u00e3o Federal, quando estabelece o Princ\u00edpio da Efici\u00eancia (art. 37).<\/p>\n<p>O Sistema de Justi\u00e7a, nesta pauta da viol\u00eancia contra a mulher, encontra-se aqu\u00e9m da demanda, no Brasil e no Cear\u00e1. O n\u00famero de equipamentos p\u00fablicos, como Juizado Especial, Promotoria Especializada e delegacias da mulher n\u00e3o condizem aos casos que necessitam acompanhar. V\u00e1lido ressaltar que o numero de delegacias ainda descumpre o que estabelece a Constitui\u00e7\u00e3o Estadual (art. 185), em que deveria haver ao menos uma delegacia da mulher, em todo Munic\u00edpio com mais de 60 mil habitantes.<\/p>\n<p>Na Defensoria P\u00fablica do Estado do Cear\u00e1 tamb\u00e9m se percebe dificuldades estruturais a serem superadas. Apenas um N\u00facleo em todo o Estado e este funciona apenas com dois defensores. Isto, com certeza, faz com que toda a atua\u00e7\u00e3o tem\u00e1tica fique prejudicada.<\/p>\n<p>Tendo em vista a Defensoria P\u00fablica ser a Institui\u00e7\u00e3o do Sistema de Justi\u00e7a mais identificada com a popula\u00e7\u00e3o que \u00e9 vulnerabilizada, cabe a ela abrir-se de forma diferenciada \u00e0 popula\u00e7\u00e3o. A manifesta\u00e7\u00e3o da Defensora P\u00fablica Elisabeth Chagas realiza do direito \u00e0 manifesta\u00e7\u00e3o (art. 5\u00ba, IV) e o Princ\u00edpio da Publicidade (art. 37), dispostos na Constitui\u00e7\u00e3o Federal. Da mesma forma consolida a autonomia funcional dos defensores, prerrogativa necess\u00e1ria para uma atua\u00e7\u00e3o que sirva aos objetivos da Defensoria P\u00fablica (art. 3\u00ba, da Lei Org\u00e2nica da Defensoria P\u00fablica).<\/p>\n<p>Assim, \u00e9 que se coloca a necessidade de um aporte maior de pessoal e estrutural ao NUDEM e demais N\u00facleos especializados. No mesmo sentido de que uma abertura maior de dialogo com a sociedade, para a supera\u00e7\u00e3o de problemas de uma Institui\u00e7\u00e3o que \u00e9 sua, a Defensoria P\u00fablica!<\/p>\n<p>Assinam o Manifesto:<\/p>\n<p>A Rede Nacional de Advogados e Advogadas Populares no Cear\u00e1, RENAP-CE; a Marcha Mundial de Mulheres no Cear\u00e1, MMM-CE; o F\u00f3rum Cearense de Mulheres- FCM; o Servi\u00e7o de Assessoria Jur\u00eddica Universit\u00e1ria Popular- SAJU; a Assessoria Jur\u00eddica do MST-CE; o Movimento de Luta nos Bairros e Vilas e Favelas no Cear\u00e1, MLB-CE; e a Organiza\u00e7\u00e3o Urucum.<\/p>\n<p>\u2013<\/p>\n<p>Enviada por Rodrigo de Medeiros Silva.<\/p>\n<p><a href=\"http:\/\/racismoambiental.net.br\/2013\/03\/manifestacao-de-solidariedade-a-defensora-publica-elisabeth-chagas-por-uma-melhor-estruturacao-do-nudem\/\">http:\/\/racismoambiental.net.br\/2013\/03\/manifestacao-de-solidariedade-a-defensora-publica-elisabeth-chagas-por-uma-melhor-estruturacao-do-nudem\/<\/a><\/p>\n","protected":false},"excerpt":{"rendered":"<p>A Rede Nacional de Advogados e Advogadas Populares no Cear\u00e1, RENAP-CE; a Marcha Mundial de Mulheres no Cear\u00e1, MMM-CE; o F\u00f3rum Cearense de Mulheres- FCM; o Servi\u00e7o de Assessoria Jur\u00eddica Universit\u00e1ria Popular- SAJU; a Assessoria Jur\u00eddica do MST-CE; o Movimento de Luta nos Bairros e Vilas e Favelas no Cear\u00e1, MLB-CE; e a Organiza\u00e7\u00e3o Urucum; [&hellip;]<\/p>\n","protected":false},"author":13,"featured_media":0,"comment_status":"open","ping_status":"closed","sticky":false,"template":"","format":"standard","meta":{"inline_featured_image":false,"footnotes":""},"categories":[1],"tags":[],"anos":[],"projetos":[],"autorias":[],"eixos_tematicos":[],"locais":[],"pessoas":[],"estado":[],"academia":[],"sociedade_civil":[],"class_list":["post-5491","post","type-post","status-publish","format-standard","hentry","category-noticias"],"_links":{"self":[{"href":"https:\/\/staging.forumjustica.com.br\/en\/wp-json\/wp\/v2\/posts\/5491","targetHints":{"allow":["GET"]}}],"collection":[{"href":"https:\/\/staging.forumjustica.com.br\/en\/wp-json\/wp\/v2\/posts"}],"about":[{"href":"https:\/\/staging.forumjustica.com.br\/en\/wp-json\/wp\/v2\/types\/post"}],"author":[{"embeddable":true,"href":"https:\/\/staging.forumjustica.com.br\/en\/wp-json\/wp\/v2\/users\/13"}],"replies":[{"embeddable":true,"href":"https:\/\/staging.forumjustica.com.br\/en\/wp-json\/wp\/v2\/comments?post=5491"}],"version-history":[{"count":1,"href":"https:\/\/staging.forumjustica.com.br\/en\/wp-json\/wp\/v2\/posts\/5491\/revisions"}],"predecessor-version":[{"id":17740,"href":"https:\/\/staging.forumjustica.com.br\/en\/wp-json\/wp\/v2\/posts\/5491\/revisions\/17740"}],"wp:attachment":[{"href":"https:\/\/staging.forumjustica.com.br\/en\/wp-json\/wp\/v2\/media?parent=5491"}],"wp:term":[{"taxonomy":"category","embeddable":true,"href":"https:\/\/staging.forumjustica.com.br\/en\/wp-json\/wp\/v2\/categories?post=5491"},{"taxonomy":"post_tag","embeddable":true,"href":"https:\/\/staging.forumjustica.com.br\/en\/wp-json\/wp\/v2\/tags?post=5491"},{"taxonomy":"anos","embeddable":true,"href":"https:\/\/staging.forumjustica.com.br\/en\/wp-json\/wp\/v2\/anos?post=5491"},{"taxonomy":"projetos","embeddable":true,"href":"https:\/\/staging.forumjustica.com.br\/en\/wp-json\/wp\/v2\/projetos?post=5491"},{"taxonomy":"autorias","embeddable":true,"href":"https:\/\/staging.forumjustica.com.br\/en\/wp-json\/wp\/v2\/autorias?post=5491"},{"taxonomy":"eixos_tematicos","embeddable":true,"href":"https:\/\/staging.forumjustica.com.br\/en\/wp-json\/wp\/v2\/eixos_tematicos?post=5491"},{"taxonomy":"locais","embeddable":true,"href":"https:\/\/staging.forumjustica.com.br\/en\/wp-json\/wp\/v2\/locais?post=5491"},{"taxonomy":"pessoas","embeddable":true,"href":"https:\/\/staging.forumjustica.com.br\/en\/wp-json\/wp\/v2\/pessoas?post=5491"},{"taxonomy":"estado","embeddable":true,"href":"https:\/\/staging.forumjustica.com.br\/en\/wp-json\/wp\/v2\/estado?post=5491"},{"taxonomy":"academia","embeddable":true,"href":"https:\/\/staging.forumjustica.com.br\/en\/wp-json\/wp\/v2\/academia?post=5491"},{"taxonomy":"sociedade_civil","embeddable":true,"href":"https:\/\/staging.forumjustica.com.br\/en\/wp-json\/wp\/v2\/sociedade_civil?post=5491"}],"curies":[{"name":"wp","href":"https:\/\/api.w.org\/{rel}","templated":true}]}}