{"id":3403,"date":"2012-09-26T11:23:36","date_gmt":"2012-09-26T13:23:36","guid":{"rendered":"https:\/\/forumjustica.vlannetwork.com\/?p=3403"},"modified":"2022-09-04T21:16:53","modified_gmt":"2022-09-05T00:16:53","slug":"los-femicidiosun-continuum-de-la-violencia","status":"publish","type":"post","link":"https:\/\/staging.forumjustica.com.br\/en\/los-femicidiosun-continuum-de-la-violencia\/","title":{"rendered":"Los femicidios, un continuum de la violencia"},"content":{"rendered":"<p><strong>Barrios afirma que la agresi\u00f3n contra la mujer crece a\u00f1o a a\u00f1o en una sociedad en la que quedan secuelas de la pol\u00edtica de terrorismo de Estado.<\/strong><br \/>\n<div id=\"attachment_3404\" style=\"width: 242px\" class=\"wp-caption alignleft\"><a href=\"https:\/\/staging.forumjustica.com.br\/wp-content\/uploads\/2012\/09\/na20fo01.jpg\"><img loading=\"lazy\" decoding=\"async\" aria-describedby=\"caption-attachment-3404\" src=\"https:\/\/staging.forumjustica.com.br\/wp-content\/uploads\/2012\/09\/na20fo01.jpg\" alt=\"\" title=\"20120907 Walda Barriosfoto Bernardino Avila\" width=\"232\" height=\"384\" class=\"size-full wp-image-3404\" srcset=\"https:\/\/staging.forumjustica.com.br\/wp-content\/uploads\/2012\/09\/na20fo01.jpg 232w, https:\/\/staging.forumjustica.com.br\/wp-content\/uploads\/2012\/09\/na20fo01-181x300.jpg 181w\" sizes=\"auto, (max-width: 232px) 100vw, 232px\" \/><\/a><p id=\"caption-attachment-3404\" class=\"wp-caption-text\">Imagen: Bernardino Avila<\/p><\/div><br \/>\n<em>Por Mercedes L\u00f3pez San Miguel<\/em><\/p>\n<p>Mujer de rasgos mestizos y apariencia fr\u00e1gil, Walda Barrios luch\u00f3 en los a\u00f1os ochenta en Guatemala, y hoy, a sus 64 a\u00f1os, combate las injusticias del modelo patriarcal. \u201cExiste un machismo y sexismo al extremo\u201d, dice convencida Barrios, consejera asesora de la Uni\u00f3n Nacional de Mujeres Guatemaltecas, una organizaci\u00f3n que promueve la participaci\u00f3n de la mujer en la pol\u00edtica y acompa\u00f1a las iniciativas de ley que la benefician. Barrios estuvo en Buenos Aires participando de la conferencia \u201cGuatemala hoy: situaci\u00f3n socio-pol\u00edtica, derechos humanos y perspectivas a futuro\u201d y luego dialog\u00f3 con P\u00e1gina\/12. La situaci\u00f3n en su pa\u00eds es alarmante para el g\u00e9nero: los cr\u00edmenes contra las mujeres crecen a\u00f1o a a\u00f1o, como una espiral. Seg\u00fan informaci\u00f3n de la Comisi\u00f3n Presidencial contra el Femicidio, el a\u00f1o pasado fueron asesinadas 705 mujeres, frente a las 675 del a\u00f1o anterior.<\/p>\n<p>Guatemala, de 14 millones de habitantes, es considerado junto con M\u00e9xico uno de los pa\u00edses con mayor \u00edndice de femicidios en el mundo. As\u00ed, entre 2000 y 2010 fueron asesinadas por violencia de g\u00e9nero 5200 mujeres en ese pa\u00eds, seg\u00fan cifras policiales. El femicidio, la violencia que el hombre ejerce contra la mujer por el solo hecho de ser mujer, es un fen\u00f3meno que se da en su pa\u00eds como una continuaci\u00f3n del conflicto armado, tras la firma del acuerdo de paz en 1996. Acad\u00e9mica de la Facultad Latinoamericana de Ciencias Sociales (Flacso), Walda Barrios se\u00f1ala que la agresi\u00f3n contra la mujer est\u00e1 relacionada con que, desde la firma de la paz, las mujeres comenzaron a participar m\u00e1s en pol\u00edtica. el movimiento social se reorganiz\u00f3 y surgieron cantidad de organizaciones de mujeres en todo el pa\u00eds. \u201cLas feministas guatemaltecas vemos un continuum de la violencia, pensamos que la sa\u00f1a de los asesinatos de mujeres responde al mandato patriarcal de recluir a las mujeres en sus casas.\u201d<\/p>\n<p>Miembro del partido Unidad Revolucionaria Nacional Guatemalteca, fusi\u00f3n de otrora grupos guerrilleros, Barrios se\u00f1ala que hoy quedan las secuelas de la pol\u00edtica del terrorismo de Estado y genocidio del pasado, que dej\u00f3 200 mil muertos. \u201cEs una sociedad post conflicto, una democracia enferma. Hemos tenido 36 a\u00f1os de conflicto armado durante los cuales el aparato de Estado se us\u00f3 para la represi\u00f3n. Eso no se desmont\u00f3 con la firma de la paz\u201d, afirma, separando las palabras con peque\u00f1as pausas, quien fue candidata a la vicepresidencia en 2007. A Walda la violencia la toc\u00f3 de cerca. Su t\u00edo, Hugo Barrios Klee, quien era integrante del Comit\u00e9 Central del Partido Guatemalteco del Trabajo, fue secuestrado junto a la militante comunista Fantina Rodr\u00edguez. Fueron los primeros secuestrados desaparecidos.<\/p>\n<p>Durante el conflicto, el cuerpo de la mujer era usado como bot\u00edn de guerra y arma de contrainsurgencia. \u201cLas mujeres eran violadas en p\u00fablico en las plazas y luego asesinadas ante la mirada de sus esposos. El uso de la violencia sexual era una manera de humillar a las comunidades\u201d, rememora Barrios.<\/p>\n<p>La violencia de g\u00e9nero no s\u00f3lo ocurre entre la poblaci\u00f3n campesina o empobrecida; por estos d\u00edas la prensa guatelmateca se\u00f1ala un caso emblem\u00e1tico: el de Cristina Siekavizza. La mujer, de clase media alta, desapareci\u00f3 misteriosamente en julio del a\u00f1o pasado. Un mes despu\u00e9s, una empleada del hogar familiar revel\u00f3 que el esposo de la v\u00edctima, Roberto Barreda, la hab\u00eda golpeado hasta la muerte. Barreda huy\u00f3 con los dos hijos que tuvo con Siekavizza sin que hasta ahora se conozca su paradero, ni el de los ni\u00f1os, ni el de la v\u00edctima. Su caso echa por tierra el prejuicio de que son las mujeres de clases populares las \u00fanicas v\u00edctimas de la violencia.<\/p>\n<p>Los cr\u00edmenes contra la mujer suelen estar mezclados con la problem\u00e1tica de las maras (pandillas), el sicariato, el narcotr\u00e1fico y la trata de personas. Uno de los rituales de iniciaci\u00f3n en las maras para una mujer es que la violen y golpeen. El uso del cuerpo de la mujer como territorio arrasado. A esto se suma la presencia en el pa\u00eds de carteles mexicanos como Los Zetas. Las autoridades guatemaltecas dicen que este poderoso grupo narco controla zonas rurales de algunas provincias de Guatemala y est\u00e1 reclutando a pandilleros de la Mara Salvatrucha \u2013la m\u00e1s peligrosa de Guatemala\u2013 para entrenarlos en campos paramilitares.<\/p>\n<p>En M\u00e9xico, pa\u00eds vecino, la ONU recomend\u00f3 al gobierno revisar las estrategias de seguridad a partir del documento emitido por el Comit\u00e9 de la Convenci\u00f3n sobre la Eliminaci\u00f3n de Todas las Formas de Discriminaci\u00f3n contra la Mujer que se\u00f1ala su preocupaci\u00f3n por la persistencia de delitos contra las mujeres. \u201cLa estrategia de combate al crimen organizado, combinada con una persistente impunidad y corrupci\u00f3n, ha contribuido a la intensificaci\u00f3n de patrones ya existentes de discriminaci\u00f3n y violencia de g\u00e9nero.\u201d Seg\u00fan el informe, existe una conexi\u00f3n entre el n\u00famero creciente de desapariciones de mujeres y el fen\u00f3meno de trata de personas.<\/p>\n<p>Desde 2008, la legislaci\u00f3n de Guatemala reconoce el delito del femicidio y comenzaron a funcionar tribunales especiales para juzgar esos delitos; as\u00ed y todo los indicadores aumentan porque hay impunidad. \u201cHay 600 asesinatos en el a\u00f1o y dos condenas; los cr\u00edmenes contra la mujer son de dos a tres por d\u00eda. \u00bfPara qu\u00e9 sirve la ley si no se aplica? Por eso los perpetradores no se desalientan.\u201d Tampoco hay campa\u00f1as masivas desde el Estado de educaci\u00f3n contra la violencia, denuncia Barrios.<\/p>\n<p>Amnist\u00eda Internacional, en su informe 2012, se\u00f1al\u00f3 que en Guatemala persistieron los elevados \u00edndices de violencia a pesar de que se promulg\u00f3 la mencionada norma. \u201cLa Ley contra el Femicidio y Otras Formas de Violencia contra la Mujer parece haber tenido un escaso impacto en la reducci\u00f3n de la violencia contra las mujeres y en la rendici\u00f3n de cuentas de los responsables.\u201d<\/p>\n<p>Barrios insiste en que mientras no haya justicia, ni reparaci\u00f3n hist\u00f3rica, su pa\u00eds no saldr\u00e1 de la espiral de violencia. \u201cLos que perpetraron los cr\u00edmenes de lesa humanidad usando el aparato del Estado est\u00e1n all\u00ed, burl\u00e1ndose del resto de la sociedad. Las miles de personas inocentes masacradas deben alg\u00fan d\u00eda ser reivindicadas en procesos de recuperaci\u00f3n de memoria hist\u00f3rica.\u201d<\/p>\n<p><a href=\"http:\/\/\">http:\/\/www.pagina12.com.ar\/diario\/elmundo\/4-204091-2012-09-24.html<\/a><\/p>\n","protected":false},"excerpt":{"rendered":"<p>Barrios afirma que la agresi\u00f3n contra la mujer crece a\u00f1o a a\u00f1o en una sociedad en la que quedan secuelas de la pol\u00edtica de terrorismo de Estado. Por Mercedes L\u00f3pez San Miguel Mujer de rasgos mestizos y apariencia fr\u00e1gil, Walda Barrios luch\u00f3 en los a\u00f1os ochenta en Guatemala, y hoy, a sus 64 a\u00f1os, combate [&hellip;]<\/p>\n","protected":false},"author":13,"featured_media":0,"comment_status":"open","ping_status":"open","sticky":false,"template":"","format":"standard","meta":{"inline_featured_image":false,"footnotes":""},"categories":[1],"tags":[],"anos":[],"projetos":[],"autorias":[],"eixos_tematicos":[],"locais":[],"pessoas":[],"estado":[],"academia":[],"sociedade_civil":[],"class_list":["post-3403","post","type-post","status-publish","format-standard","hentry","category-noticias"],"_links":{"self":[{"href":"https:\/\/staging.forumjustica.com.br\/en\/wp-json\/wp\/v2\/posts\/3403","targetHints":{"allow":["GET"]}}],"collection":[{"href":"https:\/\/staging.forumjustica.com.br\/en\/wp-json\/wp\/v2\/posts"}],"about":[{"href":"https:\/\/staging.forumjustica.com.br\/en\/wp-json\/wp\/v2\/types\/post"}],"author":[{"embeddable":true,"href":"https:\/\/staging.forumjustica.com.br\/en\/wp-json\/wp\/v2\/users\/13"}],"replies":[{"embeddable":true,"href":"https:\/\/staging.forumjustica.com.br\/en\/wp-json\/wp\/v2\/comments?post=3403"}],"version-history":[{"count":1,"href":"https:\/\/staging.forumjustica.com.br\/en\/wp-json\/wp\/v2\/posts\/3403\/revisions"}],"predecessor-version":[{"id":17970,"href":"https:\/\/staging.forumjustica.com.br\/en\/wp-json\/wp\/v2\/posts\/3403\/revisions\/17970"}],"wp:attachment":[{"href":"https:\/\/staging.forumjustica.com.br\/en\/wp-json\/wp\/v2\/media?parent=3403"}],"wp:term":[{"taxonomy":"category","embeddable":true,"href":"https:\/\/staging.forumjustica.com.br\/en\/wp-json\/wp\/v2\/categories?post=3403"},{"taxonomy":"post_tag","embeddable":true,"href":"https:\/\/staging.forumjustica.com.br\/en\/wp-json\/wp\/v2\/tags?post=3403"},{"taxonomy":"anos","embeddable":true,"href":"https:\/\/staging.forumjustica.com.br\/en\/wp-json\/wp\/v2\/anos?post=3403"},{"taxonomy":"projetos","embeddable":true,"href":"https:\/\/staging.forumjustica.com.br\/en\/wp-json\/wp\/v2\/projetos?post=3403"},{"taxonomy":"autorias","embeddable":true,"href":"https:\/\/staging.forumjustica.com.br\/en\/wp-json\/wp\/v2\/autorias?post=3403"},{"taxonomy":"eixos_tematicos","embeddable":true,"href":"https:\/\/staging.forumjustica.com.br\/en\/wp-json\/wp\/v2\/eixos_tematicos?post=3403"},{"taxonomy":"locais","embeddable":true,"href":"https:\/\/staging.forumjustica.com.br\/en\/wp-json\/wp\/v2\/locais?post=3403"},{"taxonomy":"pessoas","embeddable":true,"href":"https:\/\/staging.forumjustica.com.br\/en\/wp-json\/wp\/v2\/pessoas?post=3403"},{"taxonomy":"estado","embeddable":true,"href":"https:\/\/staging.forumjustica.com.br\/en\/wp-json\/wp\/v2\/estado?post=3403"},{"taxonomy":"academia","embeddable":true,"href":"https:\/\/staging.forumjustica.com.br\/en\/wp-json\/wp\/v2\/academia?post=3403"},{"taxonomy":"sociedade_civil","embeddable":true,"href":"https:\/\/staging.forumjustica.com.br\/en\/wp-json\/wp\/v2\/sociedade_civil?post=3403"}],"curies":[{"name":"wp","href":"https:\/\/api.w.org\/{rel}","templated":true}]}}