{"id":3396,"date":"2012-09-25T15:13:41","date_gmt":"2012-09-25T17:13:41","guid":{"rendered":"https:\/\/forumjustica.vlannetwork.com\/?p=3396"},"modified":"2022-09-04T21:16:53","modified_gmt":"2022-09-05T00:16:53","slug":"defensoria-publica-de-sp-recebe-ate-1110-manifestacoes-dos-cidadaos-sobre-fornecimento-de-produtos-basicos-nos-estabelecimentos-prisionais","status":"publish","type":"post","link":"https:\/\/staging.forumjustica.com.br\/en\/defensoria-publica-de-sp-recebe-ate-1110-manifestacoes-dos-cidadaos-sobre-fornecimento-de-produtos-basicos-nos-estabelecimentos-prisionais\/","title":{"rendered":"Defensoria P\u00fablica de SP recebe at\u00e9 11\/10 manifesta\u00e7\u00f5es dos cidad\u00e3os sobre fornecimento de produtos b\u00e1sicos nos estabelecimentos prisionais"},"content":{"rendered":"<p>A Defensoria P\u00fablica de SP, por meio de seu N\u00facleo Especializado de Situa\u00e7\u00e3o Carcer\u00e1ria, recebe at\u00e9 o pr\u00f3ximo dia 11\/10 as manifesta\u00e7\u00f5es de interessados a respeito do fornecimento de produtos b\u00e1sicos de assist\u00eancia material nos estabelecimentos prisionais do Estado.<\/p>\n<p>As cr\u00edticas, sugest\u00f5es e observa\u00e7\u00f5es podem ser enviadas ao e-mail eletr\u00f4nico audienciapublica.nesc@defensoria.sp.gov.br<\/p>\n<p>No per\u00edodo entre 5 a 22\/11, o material enviado ser\u00e1 disponibilizado no portal da Defensoria na internet (www.defensoria.sp.gov.br).<\/p>\n<p>Al\u00e9m do envio digital, ser\u00e1 realizada tamb\u00e9m uma audi\u00eancia p\u00fablica no dia 22\/11, para que os interessados possam se manifestar pessoalmente (mais detalhes ao final do texto).<\/p>\n<p>A chamada p\u00fablica pretende coletar elementos e instruir uma atua\u00e7\u00e3o da Defensoria sobre o tema. Os Defensores Patrick Cacicedo e Marcelo Novaes explicam que o objetivo da iniciativa \u00e9 \u201couvir familiares e egressos do sistema prisional, representantes da sociedade civil, movimentos sociais e entidades ligadas \u00e0 \u00e1rea da situa\u00e7\u00e3o carcer\u00e1ria, especialistas e \u00f3rg\u00e3os estatais respons\u00e1veis, a fim de ampliar o conhecimento sobre a mat\u00e9ria e colaborar com o desenvolvimento de estrat\u00e9gias para a melhoria da realidade prisional, principalmente no que se refere \u00e0s condi\u00e7\u00f5es de assist\u00eancia material \u00e0s pessoas encarceradas, o que permite a pr\u00e1tica conhecida como jumbo\u201d.<\/p>\n<p>Jumbo \u00e9 o conjunto de produtos que familiares de detentos costumam levar para eles nos estabelecimentos prisionais, e que incluem produtos de higiene e aliment\u00edcios.<\/p>\n<p>Mais informa\u00e7\u00f5es podem ser obtidas pelo telefone (11) 3242-5274, 3105-5799 (r. 282) ou pelo e-mail nucleo.carceraria@defensoria.sp.gov.br<\/p>\n<p>Servi\u00e7o:<\/p>\n<p>Tema: \u201cO fornecimento de produtos b\u00e1sicos de assist\u00eancia material nos estabelecimentos prisionais do Estado de S\u00e3o Paulo\u201d<\/p>\n<p>1)    Participa\u00e7\u00e3o digital at\u00e9 11\/10 \u2013 envie manifesta\u00e7\u00f5es ao e-mail audienciapublica.nesc@defensoria.sp.gov.br<\/p>\n<p>2)    Participa\u00e7\u00e3o pessoal \u2013 Audi\u00eancia p\u00fablica em 22\/11 \u00e0s 17h \u2013 Audit\u00f3rio da Defensoria P\u00fablica de SP (Rua Boa Vista, n\u00ba 200, Centro da Capital).<\/p>\n<p><a href=\"http:\/\/\">http:\/\/www.defensoria.sp.gov.br\/dpesp\/Conteudos\/Noticias\/NoticiaMostra.aspx?idItem=43877&#038;idPagina=1&#038;flaDestaque=V<\/a><\/p>\n","protected":false},"excerpt":{"rendered":"<p>A Defensoria P\u00fablica de SP, por meio de seu N\u00facleo Especializado de Situa\u00e7\u00e3o Carcer\u00e1ria, recebe at\u00e9 o pr\u00f3ximo dia 11\/10 as manifesta\u00e7\u00f5es de interessados a respeito do fornecimento de produtos b\u00e1sicos de assist\u00eancia material nos estabelecimentos prisionais do Estado. As cr\u00edticas, sugest\u00f5es e observa\u00e7\u00f5es podem ser enviadas ao e-mail eletr\u00f4nico audienciapublica.nesc@defensoria.sp.gov.br No per\u00edodo entre 5 [&hellip;]<\/p>\n","protected":false},"author":13,"featured_media":0,"comment_status":"open","ping_status":"open","sticky":false,"template":"","format":"standard","meta":{"inline_featured_image":false,"footnotes":""},"categories":[1],"tags":[],"anos":[],"projetos":[],"autorias":[],"eixos_tematicos":[],"locais":[],"pessoas":[],"estado":[],"academia":[],"sociedade_civil":[],"class_list":["post-3396","post","type-post","status-publish","format-standard","hentry","category-noticias"],"_links":{"self":[{"href":"https:\/\/staging.forumjustica.com.br\/en\/wp-json\/wp\/v2\/posts\/3396","targetHints":{"allow":["GET"]}}],"collection":[{"href":"https:\/\/staging.forumjustica.com.br\/en\/wp-json\/wp\/v2\/posts"}],"about":[{"href":"https:\/\/staging.forumjustica.com.br\/en\/wp-json\/wp\/v2\/types\/post"}],"author":[{"embeddable":true,"href":"https:\/\/staging.forumjustica.com.br\/en\/wp-json\/wp\/v2\/users\/13"}],"replies":[{"embeddable":true,"href":"https:\/\/staging.forumjustica.com.br\/en\/wp-json\/wp\/v2\/comments?post=3396"}],"version-history":[{"count":1,"href":"https:\/\/staging.forumjustica.com.br\/en\/wp-json\/wp\/v2\/posts\/3396\/revisions"}],"predecessor-version":[{"id":17972,"href":"https:\/\/staging.forumjustica.com.br\/en\/wp-json\/wp\/v2\/posts\/3396\/revisions\/17972"}],"wp:attachment":[{"href":"https:\/\/staging.forumjustica.com.br\/en\/wp-json\/wp\/v2\/media?parent=3396"}],"wp:term":[{"taxonomy":"category","embeddable":true,"href":"https:\/\/staging.forumjustica.com.br\/en\/wp-json\/wp\/v2\/categories?post=3396"},{"taxonomy":"post_tag","embeddable":true,"href":"https:\/\/staging.forumjustica.com.br\/en\/wp-json\/wp\/v2\/tags?post=3396"},{"taxonomy":"anos","embeddable":true,"href":"https:\/\/staging.forumjustica.com.br\/en\/wp-json\/wp\/v2\/anos?post=3396"},{"taxonomy":"projetos","embeddable":true,"href":"https:\/\/staging.forumjustica.com.br\/en\/wp-json\/wp\/v2\/projetos?post=3396"},{"taxonomy":"autorias","embeddable":true,"href":"https:\/\/staging.forumjustica.com.br\/en\/wp-json\/wp\/v2\/autorias?post=3396"},{"taxonomy":"eixos_tematicos","embeddable":true,"href":"https:\/\/staging.forumjustica.com.br\/en\/wp-json\/wp\/v2\/eixos_tematicos?post=3396"},{"taxonomy":"locais","embeddable":true,"href":"https:\/\/staging.forumjustica.com.br\/en\/wp-json\/wp\/v2\/locais?post=3396"},{"taxonomy":"pessoas","embeddable":true,"href":"https:\/\/staging.forumjustica.com.br\/en\/wp-json\/wp\/v2\/pessoas?post=3396"},{"taxonomy":"estado","embeddable":true,"href":"https:\/\/staging.forumjustica.com.br\/en\/wp-json\/wp\/v2\/estado?post=3396"},{"taxonomy":"academia","embeddable":true,"href":"https:\/\/staging.forumjustica.com.br\/en\/wp-json\/wp\/v2\/academia?post=3396"},{"taxonomy":"sociedade_civil","embeddable":true,"href":"https:\/\/staging.forumjustica.com.br\/en\/wp-json\/wp\/v2\/sociedade_civil?post=3396"}],"curies":[{"name":"wp","href":"https:\/\/api.w.org\/{rel}","templated":true}]}}