{"id":3320,"date":"2012-09-19T19:20:20","date_gmt":"2012-09-19T21:20:20","guid":{"rendered":"https:\/\/forumjustica.vlannetwork.com\/?p=3320"},"modified":"2022-09-04T21:16:53","modified_gmt":"2022-09-05T00:16:53","slug":"relatora-participa-de-forum-urbano-mundial-e-forum-social-urbano-em-napoles","status":"publish","type":"post","link":"https:\/\/staging.forumjustica.com.br\/en\/relatora-participa-de-forum-urbano-mundial-e-forum-social-urbano-em-napoles\/","title":{"rendered":"Relatora participa de F\u00f3rum Urbano Mundial e F\u00f3rum Social Urbano em N\u00e1poles"},"content":{"rendered":"<p>Entre os dias 1\u00ba e 5 de setembro, a Relatora Raquel Rolnik participou do F\u00f3rum Urbano Mundial, organizado pela ag\u00eancia UN-Habitat, e do F\u00f3rum Social Urbano, realizado por organiza\u00e7\u00f5es da sociedade civil e movimentos de defesa do direito \u00e0 moradia.<\/p>\n<p>Al\u00e9m das interven\u00e7\u00f5es e participa\u00e7\u00f5es nos dois eventos \u2013 em mesas redondas, di\u00e1logos, assembleia de mulheres, entre outros \u2013 a Relatora participou de manifesta\u00e7\u00f5es, como o tribunal que foi montado em \u00e1rea externa pelos organizadores do F\u00f3rum Social Urbano para que grupos e pessoas fizessem den\u00fancias de viola\u00e7\u00f5es do direito \u00e0 moradia em seus pa\u00edses e regi\u00f5es.<\/p>\n<p>Al\u00e9m disso, a ela visitou duas comunidades em N\u00e1poles e localidades pr\u00f3ximas. Na cidade de Giuliano, por exemplo, Raquel visitou acampamentos de povos ciganos (Roma) que est\u00e3o amea\u00e7ados de remo\u00e7\u00e3o, assim como campos de ciganos assentados. Ela tamb\u00e9m visitou Scampi, um conjunto habitacional p\u00fablico ocupado em N\u00e1poles, e organiza\u00e7\u00f5es da sociedade civil que atuam na \u00e1rea, como a Sportello Anti-Camorra.<\/p>\n<p>No dia 6, a Relatoria realizou uma consulta informal sobre seguran\u00e7a da posse, como parte do novo estudo que est\u00e1 desenvolvendo. Cerca de 30 pessoas participaram, colocando em discuss\u00e3o uma s\u00e9rie ampla de quest\u00f5es, como os empecilhos \u00e0 regulariza\u00e7\u00e3o fundi\u00e1ria das comunidades e \u00e0 prote\u00e7\u00e3o contra despejos for\u00e7ados; a economia pol\u00edtica da terra e o desenvolvimento urbano como causas de despejos for\u00e7ados; o papel que a regula\u00e7\u00e3o do uso da terra, o planejamento urbano e outras ferramentas poderiam desempenhar no refor\u00e7o da seguran\u00e7a da posse; a multiplicidade de arranjos de posse e sua legitimidade, apesar do discurso dominante voltado para a propriedade privada, entre outros pontos. Al\u00e9m disso, os participantes tamb\u00e9m discutiram formas de contribui\u00e7\u00e3o posteriores ao estudo da Relatoria.<\/p>\n<p>Para saber mais sobre este tudo, <a <a href='https:\/\/staging.forumjustica.com.br\/wp-content\/uploads\/2012\/09\/side_event_flyer_v7_final_Portuguese2.pdf'>clique aqui.<\/a><\/p>\n<p>Por fim, nos dias 7 e 8, a Relatora participou de um encontro de especialistas sobre metodologias de avalia\u00e7\u00e3o de impactos de remo\u00e7\u00f5es for\u00e7adas, organizado pela UN-Habitat e OHCHR.<\/p>\n<p><em>Publicado em 17 de setembro de 2012 Em Not\u00edcias<\/p>\n<p>http:\/\/direitoamoradia.org\/?p=16671&#038;lang=pt<br \/>\n<\/em><\/p>\n","protected":false},"excerpt":{"rendered":"<p>Entre os dias 1\u00ba e 5 de setembro, a Relatora Raquel Rolnik participou do F\u00f3rum Urbano Mundial, organizado pela ag\u00eancia UN-Habitat, e do F\u00f3rum Social Urbano, realizado por organiza\u00e7\u00f5es da sociedade civil e movimentos de defesa do direito \u00e0 moradia. Al\u00e9m das interven\u00e7\u00f5es e participa\u00e7\u00f5es nos dois eventos \u2013 em mesas redondas, di\u00e1logos, assembleia de [&hellip;]<\/p>\n","protected":false},"author":13,"featured_media":0,"comment_status":"open","ping_status":"open","sticky":false,"template":"","format":"standard","meta":{"inline_featured_image":false,"footnotes":""},"categories":[1],"tags":[],"anos":[],"projetos":[],"autorias":[],"eixos_tematicos":[],"locais":[],"pessoas":[],"estado":[],"academia":[],"sociedade_civil":[],"class_list":["post-3320","post","type-post","status-publish","format-standard","hentry","category-noticias"],"_links":{"self":[{"href":"https:\/\/staging.forumjustica.com.br\/en\/wp-json\/wp\/v2\/posts\/3320","targetHints":{"allow":["GET"]}}],"collection":[{"href":"https:\/\/staging.forumjustica.com.br\/en\/wp-json\/wp\/v2\/posts"}],"about":[{"href":"https:\/\/staging.forumjustica.com.br\/en\/wp-json\/wp\/v2\/types\/post"}],"author":[{"embeddable":true,"href":"https:\/\/staging.forumjustica.com.br\/en\/wp-json\/wp\/v2\/users\/13"}],"replies":[{"embeddable":true,"href":"https:\/\/staging.forumjustica.com.br\/en\/wp-json\/wp\/v2\/comments?post=3320"}],"version-history":[{"count":1,"href":"https:\/\/staging.forumjustica.com.br\/en\/wp-json\/wp\/v2\/posts\/3320\/revisions"}],"predecessor-version":[{"id":17979,"href":"https:\/\/staging.forumjustica.com.br\/en\/wp-json\/wp\/v2\/posts\/3320\/revisions\/17979"}],"wp:attachment":[{"href":"https:\/\/staging.forumjustica.com.br\/en\/wp-json\/wp\/v2\/media?parent=3320"}],"wp:term":[{"taxonomy":"category","embeddable":true,"href":"https:\/\/staging.forumjustica.com.br\/en\/wp-json\/wp\/v2\/categories?post=3320"},{"taxonomy":"post_tag","embeddable":true,"href":"https:\/\/staging.forumjustica.com.br\/en\/wp-json\/wp\/v2\/tags?post=3320"},{"taxonomy":"anos","embeddable":true,"href":"https:\/\/staging.forumjustica.com.br\/en\/wp-json\/wp\/v2\/anos?post=3320"},{"taxonomy":"projetos","embeddable":true,"href":"https:\/\/staging.forumjustica.com.br\/en\/wp-json\/wp\/v2\/projetos?post=3320"},{"taxonomy":"autorias","embeddable":true,"href":"https:\/\/staging.forumjustica.com.br\/en\/wp-json\/wp\/v2\/autorias?post=3320"},{"taxonomy":"eixos_tematicos","embeddable":true,"href":"https:\/\/staging.forumjustica.com.br\/en\/wp-json\/wp\/v2\/eixos_tematicos?post=3320"},{"taxonomy":"locais","embeddable":true,"href":"https:\/\/staging.forumjustica.com.br\/en\/wp-json\/wp\/v2\/locais?post=3320"},{"taxonomy":"pessoas","embeddable":true,"href":"https:\/\/staging.forumjustica.com.br\/en\/wp-json\/wp\/v2\/pessoas?post=3320"},{"taxonomy":"estado","embeddable":true,"href":"https:\/\/staging.forumjustica.com.br\/en\/wp-json\/wp\/v2\/estado?post=3320"},{"taxonomy":"academia","embeddable":true,"href":"https:\/\/staging.forumjustica.com.br\/en\/wp-json\/wp\/v2\/academia?post=3320"},{"taxonomy":"sociedade_civil","embeddable":true,"href":"https:\/\/staging.forumjustica.com.br\/en\/wp-json\/wp\/v2\/sociedade_civil?post=3320"}],"curies":[{"name":"wp","href":"https:\/\/api.w.org\/{rel}","templated":true}]}}