{"id":3100,"date":"2012-09-03T09:00:34","date_gmt":"2012-09-03T11:00:34","guid":{"rendered":"https:\/\/forumjustica.vlannetwork.com\/?p=3100"},"modified":"2022-09-04T21:16:54","modified_gmt":"2022-09-05T00:16:54","slug":"iii-encontro-nacional-do-sistema-prisional","status":"publish","type":"post","link":"https:\/\/staging.forumjustica.com.br\/en\/iii-encontro-nacional-do-sistema-prisional\/","title":{"rendered":"III Encontro Nacional do Sistema Prisional"},"content":{"rendered":"<p>Carta de Bras\u00edlia refirma compromisso do MP com sistema prisional justo<\/p>\n<p>Cerca de 90 promotores e procuradores do Minist\u00e9rio P\u00fablico dos Estados e do Distrito Federal, do Minist\u00e9rio P\u00fablico Militar e do Minist\u00e9rio P\u00fablico Federal reafirmaram o compromisso da institui\u00e7\u00e3o na constru\u00e7\u00e3o de um sistema prisional justo no Brasil. Para isso, s\u00e3o essenciais o respeito aos direitos dos detentos , a exist\u00eancia de estabelecimentos adequados e em n\u00famero suficiente, a retirada dos presos em delegacias e outros estabelecimentos inadequados, atividades educacional, laboral e profissionalizante do preso e do egresso, enfrentamento da criminalidade no sistema prisional, a reinser\u00e7\u00e3o social do preso, entre outras medidas.<\/p>\n<p>A conclus\u00e3o integra a Carta de Bras\u00edlia, resultado dos dois dias de discuss\u00e3o no III Encontro Nacional de Aprimoramento da Atua\u00e7\u00e3o do Minist\u00e9rio P\u00fablico junto ao Sistema Prisional, realizado nos dias 23 e 24 de agosto. O evento \u00e9 uma iniciativa da Comiss\u00e3o de Controle Externo da Atividade Policial e Sistema Prisional do CNMP, presidida pelo conselheiro Mario Bonsalgia. O objetivo foi debater formas de aprimorar a atua\u00e7\u00e3o do MP no sistema prisional considerando tanto a prote\u00e7\u00e3o da sociedade quanto os direitos dos presos.<\/p>\n<p>Aprovada em Plen\u00e1ria, a carta defende que a supress\u00e3o ou redu\u00e7\u00e3o de atribui\u00e7\u00f5es do Minist\u00e9rio P\u00fablico na prote\u00e7\u00e3o individual e coletiva dos presos ou investiga\u00e7\u00e3o de crimes implica enfraquecimento do Estado Democr\u00e1tico de Direito e preju\u00edzo da defesa dos direitos e garantias individuais. O MP deve participar na tanto da formula\u00e7\u00e3o de pol\u00edticas p\u00fablicas de execu\u00e7\u00e3o de pena quanto da sua fiscaliza\u00e7\u00e3o.<\/p>\n<p>A Carta tamb\u00e9m sustenta que a aus\u00eancia do Estado e de investimentos adequados no sistema prisional afronta a Lei de Execu\u00e7\u00e3o Penal, viola direitos b\u00e1sicos dos detentos e fortalece as fac\u00e7\u00f5es criminosas que atuam nos pres\u00eddios. &#8220;\u00c9 dever do Poder P\u00fablico proceder aos investimentos e repasses de recursos, em \u00e2mbito federal e estadual, necess\u00e1rios \u00e0 manuten\u00e7\u00e3o do sistema prisional, sem descuidar da probidade na aplica\u00e7\u00e3o de tais recursos&#8221;, diz o documento.<\/p>\n<p>Al\u00e9m de aprovar a carta, os participantes do evento discutiram aspectos relativos \u00e0 atua\u00e7\u00e3o do MP nas seguintes \u00e1reas: sa\u00fade f\u00edsica e mental dos presos; preven\u00e7\u00e3o \u00e0 tortura e tutela coletiva no sistema prisional; d\u00e9ficit carcer\u00e1rio e medidas em meio aberto e semiaberto; fac\u00e7\u00f5es e grupos criminosos dentro de estabelecimentos prisionais. H\u00e1 diversas sugest\u00f5es pr\u00e1ticas para melhoria do trabalho e enfrentamento aos problemas, conclus\u00f5es que ser\u00e3o analisadas agora pela Comiss\u00e3o, para encaminhamento e ado\u00e7\u00e3o das provid\u00eancias necess\u00e1rias.<\/p>\n<p>Veja <a href='https:\/\/staging.forumjustica.com.br\/wp-content\/uploads\/2012\/09\/CARTA_III_ENCONTRO_PRISIONAL.pdf'>aqui<\/a> a \u00edntegra da Carta de Bras\u00edlia.<\/p>\n<p>http:\/\/www.cnmp.gov.br\/portal\/index.php?option=com_content&#038;view=article&#038;id=1540:iii-encontro-nacional-do-sistema-prisional&#038;catid=3:noticias-principal&#038;Itemid=146<\/p>\n","protected":false},"excerpt":{"rendered":"<p>Carta de Bras\u00edlia refirma compromisso do MP com sistema prisional justo Cerca de 90 promotores e procuradores do Minist\u00e9rio P\u00fablico dos Estados e do Distrito Federal, do Minist\u00e9rio P\u00fablico Militar e do Minist\u00e9rio P\u00fablico Federal reafirmaram o compromisso da institui\u00e7\u00e3o na constru\u00e7\u00e3o de um sistema prisional justo no Brasil. Para isso, s\u00e3o essenciais o respeito [&hellip;]<\/p>\n","protected":false},"author":13,"featured_media":0,"comment_status":"open","ping_status":"open","sticky":false,"template":"","format":"standard","meta":{"inline_featured_image":false,"footnotes":""},"categories":[1],"tags":[],"anos":[],"projetos":[],"autorias":[],"eixos_tematicos":[],"locais":[],"pessoas":[],"estado":[],"academia":[],"sociedade_civil":[],"class_list":["post-3100","post","type-post","status-publish","format-standard","hentry","category-noticias"],"_links":{"self":[{"href":"https:\/\/staging.forumjustica.com.br\/en\/wp-json\/wp\/v2\/posts\/3100","targetHints":{"allow":["GET"]}}],"collection":[{"href":"https:\/\/staging.forumjustica.com.br\/en\/wp-json\/wp\/v2\/posts"}],"about":[{"href":"https:\/\/staging.forumjustica.com.br\/en\/wp-json\/wp\/v2\/types\/post"}],"author":[{"embeddable":true,"href":"https:\/\/staging.forumjustica.com.br\/en\/wp-json\/wp\/v2\/users\/13"}],"replies":[{"embeddable":true,"href":"https:\/\/staging.forumjustica.com.br\/en\/wp-json\/wp\/v2\/comments?post=3100"}],"version-history":[{"count":1,"href":"https:\/\/staging.forumjustica.com.br\/en\/wp-json\/wp\/v2\/posts\/3100\/revisions"}],"predecessor-version":[{"id":18001,"href":"https:\/\/staging.forumjustica.com.br\/en\/wp-json\/wp\/v2\/posts\/3100\/revisions\/18001"}],"wp:attachment":[{"href":"https:\/\/staging.forumjustica.com.br\/en\/wp-json\/wp\/v2\/media?parent=3100"}],"wp:term":[{"taxonomy":"category","embeddable":true,"href":"https:\/\/staging.forumjustica.com.br\/en\/wp-json\/wp\/v2\/categories?post=3100"},{"taxonomy":"post_tag","embeddable":true,"href":"https:\/\/staging.forumjustica.com.br\/en\/wp-json\/wp\/v2\/tags?post=3100"},{"taxonomy":"anos","embeddable":true,"href":"https:\/\/staging.forumjustica.com.br\/en\/wp-json\/wp\/v2\/anos?post=3100"},{"taxonomy":"projetos","embeddable":true,"href":"https:\/\/staging.forumjustica.com.br\/en\/wp-json\/wp\/v2\/projetos?post=3100"},{"taxonomy":"autorias","embeddable":true,"href":"https:\/\/staging.forumjustica.com.br\/en\/wp-json\/wp\/v2\/autorias?post=3100"},{"taxonomy":"eixos_tematicos","embeddable":true,"href":"https:\/\/staging.forumjustica.com.br\/en\/wp-json\/wp\/v2\/eixos_tematicos?post=3100"},{"taxonomy":"locais","embeddable":true,"href":"https:\/\/staging.forumjustica.com.br\/en\/wp-json\/wp\/v2\/locais?post=3100"},{"taxonomy":"pessoas","embeddable":true,"href":"https:\/\/staging.forumjustica.com.br\/en\/wp-json\/wp\/v2\/pessoas?post=3100"},{"taxonomy":"estado","embeddable":true,"href":"https:\/\/staging.forumjustica.com.br\/en\/wp-json\/wp\/v2\/estado?post=3100"},{"taxonomy":"academia","embeddable":true,"href":"https:\/\/staging.forumjustica.com.br\/en\/wp-json\/wp\/v2\/academia?post=3100"},{"taxonomy":"sociedade_civil","embeddable":true,"href":"https:\/\/staging.forumjustica.com.br\/en\/wp-json\/wp\/v2\/sociedade_civil?post=3100"}],"curies":[{"name":"wp","href":"https:\/\/api.w.org\/{rel}","templated":true}]}}