{"id":3066,"date":"2012-08-30T00:13:10","date_gmt":"2012-08-30T02:13:10","guid":{"rendered":"https:\/\/forumjustica.vlannetwork.com\/?p=3066"},"modified":"2022-09-04T21:16:54","modified_gmt":"2022-09-05T00:16:54","slug":"lancamento-do-livro-da-rede-sagas-no-ix-congresso-brasileiro-de-prevencao","status":"publish","type":"post","link":"https:\/\/staging.forumjustica.com.br\/en\/lancamento-do-livro-da-rede-sagas-no-ix-congresso-brasileiro-de-prevencao\/","title":{"rendered":"LAN\u00c7AMENTO DO LIVRO DA REDE SAGAS NO IX CONGRESSO BRASILEIRO DE PREVEN\u00c7\u00c3O"},"content":{"rendered":"<p>A REDE SAGAS, FORMADA PELOS PARCEIROS GRUPO ARCO-\u00cdRIS, ABIA, GRAB &#038; SOMOS, LAN\u00c7AR\u00c1 O LIVRO SOBRE SUAS EXPERI\u00caNCIAS EM INTERA\u00c7\u00d5ES PREVENTIVAS COM JUVENTUDES HOMOSSEXUAIS, MULHERES L\u00c9SBICAS E PESSOAS VIVENDO COM HIV\/AIDS DURANTE O IX CONGRESSO BRASILEIRO DE PREVEN\u00c7\u00c3O \u00c0S DST E AIDS, EM S\u00c3O PAULO, DIA 31\/08.<\/p>\n<p><a href=\"https:\/\/staging.forumjustica.com.br\/wp-content\/uploads\/2012\/08\/divulgacao_evento.jpg\"><img loading=\"lazy\" decoding=\"async\" src=\"https:\/\/staging.forumjustica.com.br\/wp-content\/uploads\/2012\/08\/divulgacao_evento.jpg\" alt=\"\" title=\"divulgacao_evento\" width=\"182\" height=\"320\" class=\"alignleft size-full wp-image-3067\" srcset=\"https:\/\/staging.forumjustica.com.br\/wp-content\/uploads\/2012\/08\/divulgacao_evento.jpg 182w, https:\/\/staging.forumjustica.com.br\/wp-content\/uploads\/2012\/08\/divulgacao_evento-171x300.jpg 171w\" sizes=\"auto, (max-width: 182px) 100vw, 182px\" \/><\/a><\/p>\n","protected":false},"excerpt":{"rendered":"<p>A REDE SAGAS, FORMADA PELOS PARCEIROS GRUPO ARCO-\u00cdRIS, ABIA, GRAB &#038; SOMOS, LAN\u00c7AR\u00c1 O LIVRO SOBRE SUAS EXPERI\u00caNCIAS EM INTERA\u00c7\u00d5ES PREVENTIVAS COM JUVENTUDES HOMOSSEXUAIS, MULHERES L\u00c9SBICAS E PESSOAS VIVENDO COM HIV\/AIDS DURANTE O IX CONGRESSO BRASILEIRO DE PREVEN\u00c7\u00c3O \u00c0S DST E AIDS, EM S\u00c3O PAULO, DIA 31\/08.<\/p>\n","protected":false},"author":13,"featured_media":0,"comment_status":"open","ping_status":"open","sticky":false,"template":"","format":"standard","meta":{"inline_featured_image":false,"footnotes":""},"categories":[1],"tags":[],"anos":[],"projetos":[],"autorias":[],"eixos_tematicos":[],"locais":[],"pessoas":[],"estado":[],"academia":[],"sociedade_civil":[],"class_list":["post-3066","post","type-post","status-publish","format-standard","hentry","category-noticias"],"_links":{"self":[{"href":"https:\/\/staging.forumjustica.com.br\/en\/wp-json\/wp\/v2\/posts\/3066","targetHints":{"allow":["GET"]}}],"collection":[{"href":"https:\/\/staging.forumjustica.com.br\/en\/wp-json\/wp\/v2\/posts"}],"about":[{"href":"https:\/\/staging.forumjustica.com.br\/en\/wp-json\/wp\/v2\/types\/post"}],"author":[{"embeddable":true,"href":"https:\/\/staging.forumjustica.com.br\/en\/wp-json\/wp\/v2\/users\/13"}],"replies":[{"embeddable":true,"href":"https:\/\/staging.forumjustica.com.br\/en\/wp-json\/wp\/v2\/comments?post=3066"}],"version-history":[{"count":1,"href":"https:\/\/staging.forumjustica.com.br\/en\/wp-json\/wp\/v2\/posts\/3066\/revisions"}],"predecessor-version":[{"id":18005,"href":"https:\/\/staging.forumjustica.com.br\/en\/wp-json\/wp\/v2\/posts\/3066\/revisions\/18005"}],"wp:attachment":[{"href":"https:\/\/staging.forumjustica.com.br\/en\/wp-json\/wp\/v2\/media?parent=3066"}],"wp:term":[{"taxonomy":"category","embeddable":true,"href":"https:\/\/staging.forumjustica.com.br\/en\/wp-json\/wp\/v2\/categories?post=3066"},{"taxonomy":"post_tag","embeddable":true,"href":"https:\/\/staging.forumjustica.com.br\/en\/wp-json\/wp\/v2\/tags?post=3066"},{"taxonomy":"anos","embeddable":true,"href":"https:\/\/staging.forumjustica.com.br\/en\/wp-json\/wp\/v2\/anos?post=3066"},{"taxonomy":"projetos","embeddable":true,"href":"https:\/\/staging.forumjustica.com.br\/en\/wp-json\/wp\/v2\/projetos?post=3066"},{"taxonomy":"autorias","embeddable":true,"href":"https:\/\/staging.forumjustica.com.br\/en\/wp-json\/wp\/v2\/autorias?post=3066"},{"taxonomy":"eixos_tematicos","embeddable":true,"href":"https:\/\/staging.forumjustica.com.br\/en\/wp-json\/wp\/v2\/eixos_tematicos?post=3066"},{"taxonomy":"locais","embeddable":true,"href":"https:\/\/staging.forumjustica.com.br\/en\/wp-json\/wp\/v2\/locais?post=3066"},{"taxonomy":"pessoas","embeddable":true,"href":"https:\/\/staging.forumjustica.com.br\/en\/wp-json\/wp\/v2\/pessoas?post=3066"},{"taxonomy":"estado","embeddable":true,"href":"https:\/\/staging.forumjustica.com.br\/en\/wp-json\/wp\/v2\/estado?post=3066"},{"taxonomy":"academia","embeddable":true,"href":"https:\/\/staging.forumjustica.com.br\/en\/wp-json\/wp\/v2\/academia?post=3066"},{"taxonomy":"sociedade_civil","embeddable":true,"href":"https:\/\/staging.forumjustica.com.br\/en\/wp-json\/wp\/v2\/sociedade_civil?post=3066"}],"curies":[{"name":"wp","href":"https:\/\/api.w.org\/{rel}","templated":true}]}}