{"id":3039,"date":"2012-08-27T18:21:59","date_gmt":"2012-08-27T20:21:59","guid":{"rendered":"https:\/\/forumjustica.vlannetwork.com\/?p=3039"},"modified":"2022-09-04T21:16:54","modified_gmt":"2022-09-05T00:16:54","slug":"defensores-publicos-escolhem-tema-para-campanha-nacional-da-defensoria-de-2013","status":"publish","type":"post","link":"https:\/\/staging.forumjustica.com.br\/en\/defensores-publicos-escolhem-tema-para-campanha-nacional-da-defensoria-de-2013\/","title":{"rendered":"Defensores p\u00fablicos escolhem tema para Campanha Nacional da Defensoria de 2013"},"content":{"rendered":"<p><a href=\"http:\/\/\">http:\/\/www.anadep.org.br\/wtk\/pagina\/materia?id=15042<\/a><\/p>\n<p>Ve\u00edculo: Ascom\/ANADEP<\/p>\n<p>O papel do defensor p\u00fablico na garantia dos direitos humanos dos encarcerados, os mecanismos que podem ser adotados para proteger as v\u00edtimas e ao mesmo tempo prevenir a viol\u00eancia. Por ampla maioria dos votos , os defensores p\u00fablicos brasileiros decidiram a execu\u00e7\u00e3o penal como tema para a Campanha Nacional da Defensoria P\u00fablica de 2013.<\/p>\n<p>A defini\u00e7\u00e3o foi tirada em plen\u00e1ria coordenada pelo vice-presidente da Associa\u00e7\u00e3o Nacional dos Defensores P\u00fablicos, Ant\u00f4nio Maffezoli, durante o encerramento do V Congresso Interamericano das Defensorias P\u00fablicas, na sexta-feira (17.8), em Fortaleza, no Cear\u00e1.<\/p>\n<p>Antes da vota\u00e7\u00e3o, quatro propostas foram defendidas como poss\u00edveis temas. A defensora p\u00fablica do Rio de Janeiro, Adriana Brito, sugeriu como tema a participa\u00e7\u00e3o popular nas Defensorias P\u00fablicas. O defensor p\u00fablico de Minas Gerais, Guilherme Tinti prop\u00f4s a quest\u00e3o da execu\u00e7\u00e3o penal. Em seguida, foi a vez do presidente da Associa\u00e7\u00e3o dos Defensores P\u00fablicos do Distrito Federal sair em defesa da promo\u00e7\u00e3o da justi\u00e7a aos moradores de rua. Por \u00faltimo, o ex-presidente da ANADEP, Roberto Freitas exp\u00f4s a proposta da judicializa\u00e7\u00e3o da sa\u00fade, visando a  otimiza\u00e7\u00e3o do uso dos recursos p\u00fablicos e a garantia do acesso a sa\u00fade ao cidad\u00e3o.<\/p>\n<p>Depois de abrir para que a plen\u00e1ria se manifestasse sobre os temas, eles foram colocados em vota\u00e7\u00e3o. A proposta da participa\u00e7\u00e3o popular obteve 42 votos, a da execu\u00e7\u00e3o penal 55, a quest\u00e3o dos moradores de rua 4 votos e a tem\u00e1tica da sa\u00fade conquistou 18 ades\u00f5es.<\/p>\n<p>Os dois primeiros temas foram submetidos a um segundo turno de vota\u00e7\u00e3o e por ampla maioria os defensores escolheram como tema da Campanha Nacional de 2012 a execu\u00e7\u00e3o penal.<\/p>\n","protected":false},"excerpt":{"rendered":"<p>http:\/\/www.anadep.org.br\/wtk\/pagina\/materia?id=15042 Ve\u00edculo: Ascom\/ANADEP O papel do defensor p\u00fablico na garantia dos direitos humanos dos encarcerados, os mecanismos que podem ser adotados para proteger as v\u00edtimas e ao mesmo tempo prevenir a viol\u00eancia. Por ampla maioria dos votos , os defensores p\u00fablicos brasileiros decidiram a execu\u00e7\u00e3o penal como tema para a Campanha Nacional da Defensoria P\u00fablica [&hellip;]<\/p>\n","protected":false},"author":13,"featured_media":0,"comment_status":"open","ping_status":"open","sticky":false,"template":"","format":"standard","meta":{"inline_featured_image":false,"footnotes":""},"categories":[1],"tags":[],"anos":[],"projetos":[],"autorias":[],"eixos_tematicos":[],"locais":[],"pessoas":[],"estado":[],"academia":[],"sociedade_civil":[],"class_list":["post-3039","post","type-post","status-publish","format-standard","hentry","category-noticias"],"_links":{"self":[{"href":"https:\/\/staging.forumjustica.com.br\/en\/wp-json\/wp\/v2\/posts\/3039","targetHints":{"allow":["GET"]}}],"collection":[{"href":"https:\/\/staging.forumjustica.com.br\/en\/wp-json\/wp\/v2\/posts"}],"about":[{"href":"https:\/\/staging.forumjustica.com.br\/en\/wp-json\/wp\/v2\/types\/post"}],"author":[{"embeddable":true,"href":"https:\/\/staging.forumjustica.com.br\/en\/wp-json\/wp\/v2\/users\/13"}],"replies":[{"embeddable":true,"href":"https:\/\/staging.forumjustica.com.br\/en\/wp-json\/wp\/v2\/comments?post=3039"}],"version-history":[{"count":1,"href":"https:\/\/staging.forumjustica.com.br\/en\/wp-json\/wp\/v2\/posts\/3039\/revisions"}],"predecessor-version":[{"id":18008,"href":"https:\/\/staging.forumjustica.com.br\/en\/wp-json\/wp\/v2\/posts\/3039\/revisions\/18008"}],"wp:attachment":[{"href":"https:\/\/staging.forumjustica.com.br\/en\/wp-json\/wp\/v2\/media?parent=3039"}],"wp:term":[{"taxonomy":"category","embeddable":true,"href":"https:\/\/staging.forumjustica.com.br\/en\/wp-json\/wp\/v2\/categories?post=3039"},{"taxonomy":"post_tag","embeddable":true,"href":"https:\/\/staging.forumjustica.com.br\/en\/wp-json\/wp\/v2\/tags?post=3039"},{"taxonomy":"anos","embeddable":true,"href":"https:\/\/staging.forumjustica.com.br\/en\/wp-json\/wp\/v2\/anos?post=3039"},{"taxonomy":"projetos","embeddable":true,"href":"https:\/\/staging.forumjustica.com.br\/en\/wp-json\/wp\/v2\/projetos?post=3039"},{"taxonomy":"autorias","embeddable":true,"href":"https:\/\/staging.forumjustica.com.br\/en\/wp-json\/wp\/v2\/autorias?post=3039"},{"taxonomy":"eixos_tematicos","embeddable":true,"href":"https:\/\/staging.forumjustica.com.br\/en\/wp-json\/wp\/v2\/eixos_tematicos?post=3039"},{"taxonomy":"locais","embeddable":true,"href":"https:\/\/staging.forumjustica.com.br\/en\/wp-json\/wp\/v2\/locais?post=3039"},{"taxonomy":"pessoas","embeddable":true,"href":"https:\/\/staging.forumjustica.com.br\/en\/wp-json\/wp\/v2\/pessoas?post=3039"},{"taxonomy":"estado","embeddable":true,"href":"https:\/\/staging.forumjustica.com.br\/en\/wp-json\/wp\/v2\/estado?post=3039"},{"taxonomy":"academia","embeddable":true,"href":"https:\/\/staging.forumjustica.com.br\/en\/wp-json\/wp\/v2\/academia?post=3039"},{"taxonomy":"sociedade_civil","embeddable":true,"href":"https:\/\/staging.forumjustica.com.br\/en\/wp-json\/wp\/v2\/sociedade_civil?post=3039"}],"curies":[{"name":"wp","href":"https:\/\/api.w.org\/{rel}","templated":true}]}}