{"id":3036,"date":"2012-08-27T18:05:48","date_gmt":"2012-08-27T20:05:48","guid":{"rendered":"https:\/\/forumjustica.vlannetwork.com\/?p=3036"},"modified":"2022-09-04T21:16:54","modified_gmt":"2022-09-05T00:16:54","slug":"ministra-eliana-calmon-defende-eleicao-direta-para-direcao-dos-tribunais","status":"publish","type":"post","link":"https:\/\/staging.forumjustica.com.br\/en\/ministra-eliana-calmon-defende-eleicao-direta-para-direcao-dos-tribunais\/","title":{"rendered":"Ministra Eliana Calmon defende elei\u00e7\u00e3o direta para dire\u00e7\u00e3o dos tribunais"},"content":{"rendered":"<p><a href=\"http:\/\/\">http:\/\/www.cnj.jus.br\/noticias\/cnj\/20756-ministra-eliana-calmon-defende-eleicao-direta-para-direcao-dos-tribunais<\/a><\/p>\n<p><img loading=\"lazy\" decoding=\"async\" alt=\"\" src=\"http:\/\/farm9.staticflickr.com\/8290\/7805000578_5081619c16_m.jpg\" class=\"alignleft\" width=\"240\" height=\"154\" \/><\/p>\n<p>De volta \u00e0 Se\u00e7\u00e3o Judici\u00e1ria onde atuou por dez anos como ju\u00edza federal, a corregedora Nacional de Justi\u00e7a, ministra Eliana Calmon, defendeu, nesta sexta-feira (17\/8), a elei\u00e7\u00e3o direta para os cargos de dire\u00e7\u00e3o dos tribunais. Ao lembrar dos avan\u00e7os alcan\u00e7ados pela Corregedoria durante a sua gest\u00e3o, que termina no in\u00edcio do m\u00eas de setembro, Eliana Calmon recordou situa\u00e7\u00f5es vividas nos estados do Tocantins, Amazonas e S\u00e3o Paulo, onde novos dirigentes tiveram a ajuda da Corregedoria na ado\u00e7\u00e3o de medidas que trariam melhorias \u00e0 gest\u00e3o dos tribunais e maior transpar\u00eancia, mas que iam de encontro \u00e0s pol\u00edticas adotadas pelas administra\u00e7\u00f5es anteriores.<\/p>\n<p>\u201cDeixo alguns tribunais saneados. Minha maior satisfa\u00e7\u00e3o foi chegar a S\u00e3o Paulo e conseguir constatar, durante a inspe\u00e7\u00e3o realizada nessa nova dire\u00e7\u00e3o, que foi poss\u00edvel colocar o tribunal num patamar que come\u00e7a a acertar o passo. Esse tribunal pediu um diagn\u00f3stico de precat\u00f3rios e est\u00e3o sendo cumpridas todas as metas colocadas pela Corregedoria. J\u00e1 foram pagos R$ 300 milh\u00f5es e s\u00e3o Paulo estava h\u00e1 dois anos sem pagar precat\u00f3rios\u201d, disse a ministra.<\/p>\n<p>Segundo a corregedora, muitos dos avan\u00e7os s\u00f3 foram obtidos porque dirigentes destas Cortes se mostraram abertos a mudan\u00e7as e se comprometeram em fazer as corre\u00e7\u00f5es de rumos necess\u00e1rias. \u201cIsso s\u00f3 foi poss\u00edvel porque as cabe\u00e7as pensantes desse pa\u00eds come\u00e7aram a fazer a mudan\u00e7a\u201d, complementou.<\/p>\n<p>Para Eliana Calmon, mudan\u00e7as na forma de administra\u00e7\u00e3o da Justi\u00e7a precisam ser incentivadas, inclusive pelos magistrados de primeira inst\u00e2ncia. As afirma\u00e7\u00f5es foram feitas no audit\u00f3rio da Justi\u00e7a Federal, no F\u00f3rum Teixeira de Freitas, em Salvador (BA), onde a corregedora ministrou palestra sobre o tema \u201cO paradoxo entre a compet\u00eancia origin\u00e1ria do CNJ e as garantias constitucionais dos ju\u00edzes\u201d.<\/p>\n<p>Elei\u00e7\u00e3o direta \u2013 Hoje, apenas os ju\u00edzes de segunda inst\u00e2ncia votam nas elei\u00e7\u00f5es da dire\u00e7\u00e3o dos tribunais e a escolha \u00e9 feita entre os membros de maior antiguidade. A ministra defendeu que os ju\u00edzes de primeiro grau tamb\u00e9m possam eleger os membros da dire\u00e7\u00e3o dos Tribunais e que o crit\u00e9rio da antiguidade n\u00e3o seja determinante.<\/p>\n<p>\u201cEu acho important\u00edssima a elei\u00e7\u00e3o direta. \u00c9 uma experi\u00eancia muito promissora. Os argumentos dos cr\u00edticos s\u00e3o de que os magistrados de primeiro grau n\u00e3o sabem votar. Segundo eles, votar\u00e3o sempre naqueles que oferecerem vantagens e naqueles que estiverem com um discurso meio demag\u00f3gico. Eu n\u00e3o acredito nessa hip\u00f3tese. A magistratura de primeiro grau \u00e9 muito mais forte do que podemos pensar. Ali\u00e1s, \u00e9 quem mais sabe da Justi\u00e7a porque ela est\u00e1 nas frentes de combate\u201d, afirmou.<\/p>\n<p>Atualmente, tramita no Congresso Nacional uma Proposta de Emenda \u00e0 Constitui\u00e7\u00e3o (PEC) que estabelece as elei\u00e7\u00f5es diretas nos Tribunais de Justi\u00e7a. O projeto foi apresentado em fevereiro pelo senador Eduardo Suplicy.<\/p>\n<p>Homenagem \u2013 Ao final do evento, a ministra foi homenageada pela dire\u00e7\u00e3o do Foro da Se\u00e7\u00e3o Judici\u00e1ria da Bahia, por membros da seccional da OAB no estado e por antigos colegas da Justi\u00e7a Federal da Bahia e da Universidade Federal da Bahia, onde se formou. Al\u00e9m de depoimentos em sua homenagem, a ministra recebeu do diretor do Foro, o juiz federal \u00c1vio Mozar Jos\u00e9 Ferraz de Novaes, uma placa comemorativa, por sua atua\u00e7\u00e3o \u00e0 frente da Corregedoria Nacional de Justi\u00e7a.<\/p>\n<p>Tatiane Freire<br \/>\nAg\u00eancia CNJ de Not\u00edcias<\/p>\n","protected":false},"excerpt":{"rendered":"<p>http:\/\/www.cnj.jus.br\/noticias\/cnj\/20756-ministra-eliana-calmon-defende-eleicao-direta-para-direcao-dos-tribunais De volta \u00e0 Se\u00e7\u00e3o Judici\u00e1ria onde atuou por dez anos como ju\u00edza federal, a corregedora Nacional de Justi\u00e7a, ministra Eliana Calmon, defendeu, nesta sexta-feira (17\/8), a elei\u00e7\u00e3o direta para os cargos de dire\u00e7\u00e3o dos tribunais. Ao lembrar dos avan\u00e7os alcan\u00e7ados pela Corregedoria durante a sua gest\u00e3o, que termina no in\u00edcio do m\u00eas de setembro, [&hellip;]<\/p>\n","protected":false},"author":13,"featured_media":0,"comment_status":"open","ping_status":"open","sticky":false,"template":"","format":"standard","meta":{"inline_featured_image":false,"footnotes":""},"categories":[1],"tags":[],"anos":[],"projetos":[],"autorias":[],"eixos_tematicos":[],"locais":[],"pessoas":[],"estado":[],"academia":[],"sociedade_civil":[],"class_list":["post-3036","post","type-post","status-publish","format-standard","hentry","category-noticias"],"_links":{"self":[{"href":"https:\/\/staging.forumjustica.com.br\/en\/wp-json\/wp\/v2\/posts\/3036","targetHints":{"allow":["GET"]}}],"collection":[{"href":"https:\/\/staging.forumjustica.com.br\/en\/wp-json\/wp\/v2\/posts"}],"about":[{"href":"https:\/\/staging.forumjustica.com.br\/en\/wp-json\/wp\/v2\/types\/post"}],"author":[{"embeddable":true,"href":"https:\/\/staging.forumjustica.com.br\/en\/wp-json\/wp\/v2\/users\/13"}],"replies":[{"embeddable":true,"href":"https:\/\/staging.forumjustica.com.br\/en\/wp-json\/wp\/v2\/comments?post=3036"}],"version-history":[{"count":1,"href":"https:\/\/staging.forumjustica.com.br\/en\/wp-json\/wp\/v2\/posts\/3036\/revisions"}],"predecessor-version":[{"id":18009,"href":"https:\/\/staging.forumjustica.com.br\/en\/wp-json\/wp\/v2\/posts\/3036\/revisions\/18009"}],"wp:attachment":[{"href":"https:\/\/staging.forumjustica.com.br\/en\/wp-json\/wp\/v2\/media?parent=3036"}],"wp:term":[{"taxonomy":"category","embeddable":true,"href":"https:\/\/staging.forumjustica.com.br\/en\/wp-json\/wp\/v2\/categories?post=3036"},{"taxonomy":"post_tag","embeddable":true,"href":"https:\/\/staging.forumjustica.com.br\/en\/wp-json\/wp\/v2\/tags?post=3036"},{"taxonomy":"anos","embeddable":true,"href":"https:\/\/staging.forumjustica.com.br\/en\/wp-json\/wp\/v2\/anos?post=3036"},{"taxonomy":"projetos","embeddable":true,"href":"https:\/\/staging.forumjustica.com.br\/en\/wp-json\/wp\/v2\/projetos?post=3036"},{"taxonomy":"autorias","embeddable":true,"href":"https:\/\/staging.forumjustica.com.br\/en\/wp-json\/wp\/v2\/autorias?post=3036"},{"taxonomy":"eixos_tematicos","embeddable":true,"href":"https:\/\/staging.forumjustica.com.br\/en\/wp-json\/wp\/v2\/eixos_tematicos?post=3036"},{"taxonomy":"locais","embeddable":true,"href":"https:\/\/staging.forumjustica.com.br\/en\/wp-json\/wp\/v2\/locais?post=3036"},{"taxonomy":"pessoas","embeddable":true,"href":"https:\/\/staging.forumjustica.com.br\/en\/wp-json\/wp\/v2\/pessoas?post=3036"},{"taxonomy":"estado","embeddable":true,"href":"https:\/\/staging.forumjustica.com.br\/en\/wp-json\/wp\/v2\/estado?post=3036"},{"taxonomy":"academia","embeddable":true,"href":"https:\/\/staging.forumjustica.com.br\/en\/wp-json\/wp\/v2\/academia?post=3036"},{"taxonomy":"sociedade_civil","embeddable":true,"href":"https:\/\/staging.forumjustica.com.br\/en\/wp-json\/wp\/v2\/sociedade_civil?post=3036"}],"curies":[{"name":"wp","href":"https:\/\/api.w.org\/{rel}","templated":true}]}}