{"id":2978,"date":"2012-08-23T10:07:20","date_gmt":"2012-08-23T12:07:20","guid":{"rendered":"https:\/\/forumjustica.vlannetwork.com\/?p=2978"},"modified":"2022-09-04T21:16:54","modified_gmt":"2022-09-05T00:16:54","slug":"forum-justica-se-reune-em-fortaleza","status":"publish","type":"post","link":"https:\/\/staging.forumjustica.com.br\/en\/forum-justica-se-reune-em-fortaleza\/","title":{"rendered":"F\u00f3rum Justi\u00e7a se re\u00fane em Fortaleza"},"content":{"rendered":"<p><a href=\"https:\/\/staging.forumjustica.com.br\/wp-content\/uploads\/2012\/08\/IMG_1021.jpg\"><img loading=\"lazy\" decoding=\"async\" src=\"https:\/\/staging.forumjustica.com.br\/wp-content\/uploads\/2012\/08\/IMG_1021-300x197.jpg\" alt=\"\" title=\"IMG_1021\" width=\"300\" height=\"197\" class=\"alignleft size-medium wp-image-2982\" srcset=\"https:\/\/staging.forumjustica.com.br\/wp-content\/uploads\/2012\/08\/IMG_1021-300x197.jpg 300w, https:\/\/staging.forumjustica.com.br\/wp-content\/uploads\/2012\/08\/IMG_1021-1024x673.jpg 1024w, https:\/\/staging.forumjustica.com.br\/wp-content\/uploads\/2012\/08\/IMG_1021-768x505.jpg 768w, https:\/\/staging.forumjustica.com.br\/wp-content\/uploads\/2012\/08\/IMG_1021-1536x1010.jpg 1536w, https:\/\/staging.forumjustica.com.br\/wp-content\/uploads\/2012\/08\/IMG_1021-2048x1346.jpg 2048w\" sizes=\"auto, (max-width: 300px) 100vw, 300px\" \/><\/a><\/p>\n<p>Na tarde da \u00faltima quarta-feira (15\/08), o F\u00f3rum Justi\u00e7a realizou uma concorrida oficina da qual participaram defensores p\u00fablicos de todas as regi\u00f5es do Brasil, al\u00e9m dos Ouvidores Gerais das Defensorias da Bahia, Cear\u00e1, Maranh\u00e3o, Mato Grosso e S\u00e3o Paulo e outros integrantes da sociedade civil. Todos interessados em conhecer a din\u00e2mica dessa livre iniciativa, promovida pela Associa\u00e7\u00e3o Nacional dos Defensores P\u00fablicos &#8211; ANADEP e o Grupo de Pesquisa Direitos Humanos Poder Judici\u00e1rio e Sociedade &#8211; DHPJS\/UERJ, que constitui um espa\u00e7o aberto a movimentos sociais, organiza\u00e7\u00f5es da sociedade e agentes p\u00fablicos do sistema de justi\u00e7a, para discutir pol\u00edtica judicial integradora, com reconhecimento e redistribui\u00e7\u00e3o de direitos e participa\u00e7\u00e3o popular. E enfatizar a justi\u00e7a como servi\u00e7o p\u00fablico.<\/p>\n<p>O encontro foi coordenado pelos defensores p\u00fablicos fluminenses Adriana Britto, Ana Rita Albuquerque, Carolina Anast\u00e1cio, Jo\u00e3o Helv\u00e9cio Carvalho, Patr\u00edcia Magno e Rosane M. Reis Lavigne, articuladores do F\u00f3rum Justi\u00e7a e facilitadores de seus diversos Grupos de Trabalho. Buscou-se apresentar o passo a passo da implanta\u00e7\u00e3o do F\u00f3rum Justi\u00e7a no Rio e discutir estrat\u00e9gias para a expans\u00e3o da iniciativa em outros estados.<\/p>\n<p>Fonte: ADPERJ<br \/>\nPublicado em 20.08.2012<\/p>\n","protected":false},"excerpt":{"rendered":"<p>Na tarde da \u00faltima quarta-feira (15\/08), o F\u00f3rum Justi\u00e7a realizou uma concorrida oficina da qual participaram defensores p\u00fablicos de todas as regi\u00f5es do Brasil, al\u00e9m dos Ouvidores Gerais das Defensorias da Bahia, Cear\u00e1, Maranh\u00e3o, Mato Grosso e S\u00e3o Paulo e outros integrantes da sociedade civil. Todos interessados em conhecer a din\u00e2mica dessa livre iniciativa, promovida [&hellip;]<\/p>\n","protected":false},"author":13,"featured_media":0,"comment_status":"open","ping_status":"open","sticky":false,"template":"","format":"standard","meta":{"inline_featured_image":false,"footnotes":""},"categories":[1],"tags":[],"anos":[],"projetos":[],"autorias":[],"eixos_tematicos":[],"locais":[],"pessoas":[],"estado":[],"academia":[],"sociedade_civil":[],"class_list":["post-2978","post","type-post","status-publish","format-standard","hentry","category-noticias"],"_links":{"self":[{"href":"https:\/\/staging.forumjustica.com.br\/en\/wp-json\/wp\/v2\/posts\/2978","targetHints":{"allow":["GET"]}}],"collection":[{"href":"https:\/\/staging.forumjustica.com.br\/en\/wp-json\/wp\/v2\/posts"}],"about":[{"href":"https:\/\/staging.forumjustica.com.br\/en\/wp-json\/wp\/v2\/types\/post"}],"author":[{"embeddable":true,"href":"https:\/\/staging.forumjustica.com.br\/en\/wp-json\/wp\/v2\/users\/13"}],"replies":[{"embeddable":true,"href":"https:\/\/staging.forumjustica.com.br\/en\/wp-json\/wp\/v2\/comments?post=2978"}],"version-history":[{"count":1,"href":"https:\/\/staging.forumjustica.com.br\/en\/wp-json\/wp\/v2\/posts\/2978\/revisions"}],"predecessor-version":[{"id":18013,"href":"https:\/\/staging.forumjustica.com.br\/en\/wp-json\/wp\/v2\/posts\/2978\/revisions\/18013"}],"wp:attachment":[{"href":"https:\/\/staging.forumjustica.com.br\/en\/wp-json\/wp\/v2\/media?parent=2978"}],"wp:term":[{"taxonomy":"category","embeddable":true,"href":"https:\/\/staging.forumjustica.com.br\/en\/wp-json\/wp\/v2\/categories?post=2978"},{"taxonomy":"post_tag","embeddable":true,"href":"https:\/\/staging.forumjustica.com.br\/en\/wp-json\/wp\/v2\/tags?post=2978"},{"taxonomy":"anos","embeddable":true,"href":"https:\/\/staging.forumjustica.com.br\/en\/wp-json\/wp\/v2\/anos?post=2978"},{"taxonomy":"projetos","embeddable":true,"href":"https:\/\/staging.forumjustica.com.br\/en\/wp-json\/wp\/v2\/projetos?post=2978"},{"taxonomy":"autorias","embeddable":true,"href":"https:\/\/staging.forumjustica.com.br\/en\/wp-json\/wp\/v2\/autorias?post=2978"},{"taxonomy":"eixos_tematicos","embeddable":true,"href":"https:\/\/staging.forumjustica.com.br\/en\/wp-json\/wp\/v2\/eixos_tematicos?post=2978"},{"taxonomy":"locais","embeddable":true,"href":"https:\/\/staging.forumjustica.com.br\/en\/wp-json\/wp\/v2\/locais?post=2978"},{"taxonomy":"pessoas","embeddable":true,"href":"https:\/\/staging.forumjustica.com.br\/en\/wp-json\/wp\/v2\/pessoas?post=2978"},{"taxonomy":"estado","embeddable":true,"href":"https:\/\/staging.forumjustica.com.br\/en\/wp-json\/wp\/v2\/estado?post=2978"},{"taxonomy":"academia","embeddable":true,"href":"https:\/\/staging.forumjustica.com.br\/en\/wp-json\/wp\/v2\/academia?post=2978"},{"taxonomy":"sociedade_civil","embeddable":true,"href":"https:\/\/staging.forumjustica.com.br\/en\/wp-json\/wp\/v2\/sociedade_civil?post=2978"}],"curies":[{"name":"wp","href":"https:\/\/api.w.org\/{rel}","templated":true}]}}