{"id":2972,"date":"2012-08-23T09:46:28","date_gmt":"2012-08-23T11:46:28","guid":{"rendered":"https:\/\/forumjustica.vlannetwork.com\/?p=2972"},"modified":"2022-09-04T21:16:54","modified_gmt":"2022-09-05T00:16:54","slug":"salmj-convida-para-seminario-sobre-o-papel-da-pesquisa-na-politica-legislativa-com-transmissao-ao-vivo-pela-internet","status":"publish","type":"post","link":"https:\/\/staging.forumjustica.com.br\/en\/salmj-convida-para-seminario-sobre-o-papel-da-pesquisa-na-politica-legislativa-com-transmissao-ao-vivo-pela-internet\/","title":{"rendered":"SAL\/MJ convida para Semin\u00e1rio sobre \u201cO papel da pesquisa na pol\u00edtica legislativa&quot;, com transmiss\u00e3o ao vivo pela internet"},"content":{"rendered":"<p><span style=\"font-family: Arial;\">Prezados\/as,<\/span><\/p>\n<p><span style=\"font-family: Arial;\"> <\/span><\/p>\n<p><span style=\"font-family: Arial;\">No dia 24 de agosto, a Secretaria de Assuntos Legislativos do Minist\u00e9rio da Justi\u00e7a (SAL\/MJ) promover\u00e1 semin\u00e1rio sobre \u201c<strong>O papel da pesquisa na pol\u00edtica legislativa<\/strong>\u201d. O objetivo \u00e9 discutir a rela\u00e7\u00e3o entre Academia e Administra\u00e7\u00e3o P\u00fablica nos diversos aspectos que permeiam o processo de elabora\u00e7\u00e3o de pesquisas que contribuam para a implementa\u00e7\u00e3o de pol\u00edticas p\u00fablicas, com foco na pol\u00edtica de elabora\u00e7\u00e3o legislativa.<\/span><\/p>\n<p><span style=\"font-family: Arial;\"> <\/span><\/p>\n<p><span style=\"font-family: Arial;\">O evento marca cinco anos do Projeto Pensando o Direito e ocorrer\u00e1 das 09h00 \u00e0s 18h30, no Audit\u00f3rio do Minist\u00e9rio da Justi\u00e7a. Haver\u00e1 transmiss\u00e3o ao vivo por meio do endere\u00e7o:\u00a0<a href=\"http:\/\/video.mj.gov.br\/sal\" target=\"_blank\" rel=\"noopener\">http:\/\/video.mj.gov.br\/sal<\/a>, e as inscri\u00e7\u00f5es para acompanhamento presencial do evento devem ser encaminhadas para o correio eletr\u00f4nico:\u00a0<a href=\"mailto:pensandoodireito@mj.gov.br\" target=\"_blank\" rel=\"noopener\">pensandoodireito@mj.gov.br<\/a>. A programa\u00e7\u00e3o completa do evento consta no cartaz abaixo.<\/span><\/p>\n<p><span style=\"font-family: Arial;\"> <\/span><\/p>\n<p><span style=\"font-family: Arial;\">Solicitamos a gentileza de nos auxiliar na divulga\u00e7\u00e3o.<\/span><\/p>\n<p><span style=\"font-family: Arial;\"> <\/span><\/p>\n<p><span style=\"font-family: Arial;\">Atenciosamente,<\/span><\/p>\n<p><span style=\"font-family: Arial;\"> <\/span><\/p>\n<p><span style=\"font-family: Arial;\">Projeto Pensando o Direito<\/span><\/p>\n<p>\u00a0<\/p>\n<p><a href=\"https:\/\/staging.forumjustica.com.br\/wp-content\/uploads\/2012\/08\/pensando-direito.jpg\"><img loading=\"lazy\" decoding=\"async\" class=\"alignleft size-large wp-image-2973\" title=\"pensando direito\" src=\"https:\/\/staging.forumjustica.com.br\/wp-content\/uploads\/2012\/08\/pensando-direito-723x1024-1.jpg\" alt=\"\" width=\"723\" height=\"1024\" \/><\/a><\/p>","protected":false},"excerpt":{"rendered":"<p>Prezados\/as, No dia 24 de agosto, a Secretaria de Assuntos Legislativos do Minist\u00e9rio da Justi\u00e7a (SAL\/MJ) promover\u00e1 semin\u00e1rio sobre \u201cO papel da pesquisa na pol\u00edtica legislativa\u201d. O objetivo \u00e9 discutir a rela\u00e7\u00e3o entre Academia e Administra\u00e7\u00e3o P\u00fablica nos diversos aspectos que permeiam o processo de elabora\u00e7\u00e3o de pesquisas que contribuam para a implementa\u00e7\u00e3o de pol\u00edticas [&hellip;]<\/p>\n","protected":false},"author":13,"featured_media":0,"comment_status":"open","ping_status":"open","sticky":false,"template":"","format":"standard","meta":{"inline_featured_image":false,"footnotes":""},"categories":[1],"tags":[],"anos":[],"projetos":[],"autorias":[],"eixos_tematicos":[],"locais":[],"pessoas":[],"estado":[],"academia":[],"sociedade_civil":[],"class_list":["post-2972","post","type-post","status-publish","format-standard","hentry","category-noticias"],"_links":{"self":[{"href":"https:\/\/staging.forumjustica.com.br\/en\/wp-json\/wp\/v2\/posts\/2972","targetHints":{"allow":["GET"]}}],"collection":[{"href":"https:\/\/staging.forumjustica.com.br\/en\/wp-json\/wp\/v2\/posts"}],"about":[{"href":"https:\/\/staging.forumjustica.com.br\/en\/wp-json\/wp\/v2\/types\/post"}],"author":[{"embeddable":true,"href":"https:\/\/staging.forumjustica.com.br\/en\/wp-json\/wp\/v2\/users\/13"}],"replies":[{"embeddable":true,"href":"https:\/\/staging.forumjustica.com.br\/en\/wp-json\/wp\/v2\/comments?post=2972"}],"version-history":[{"count":1,"href":"https:\/\/staging.forumjustica.com.br\/en\/wp-json\/wp\/v2\/posts\/2972\/revisions"}],"predecessor-version":[{"id":18014,"href":"https:\/\/staging.forumjustica.com.br\/en\/wp-json\/wp\/v2\/posts\/2972\/revisions\/18014"}],"wp:attachment":[{"href":"https:\/\/staging.forumjustica.com.br\/en\/wp-json\/wp\/v2\/media?parent=2972"}],"wp:term":[{"taxonomy":"category","embeddable":true,"href":"https:\/\/staging.forumjustica.com.br\/en\/wp-json\/wp\/v2\/categories?post=2972"},{"taxonomy":"post_tag","embeddable":true,"href":"https:\/\/staging.forumjustica.com.br\/en\/wp-json\/wp\/v2\/tags?post=2972"},{"taxonomy":"anos","embeddable":true,"href":"https:\/\/staging.forumjustica.com.br\/en\/wp-json\/wp\/v2\/anos?post=2972"},{"taxonomy":"projetos","embeddable":true,"href":"https:\/\/staging.forumjustica.com.br\/en\/wp-json\/wp\/v2\/projetos?post=2972"},{"taxonomy":"autorias","embeddable":true,"href":"https:\/\/staging.forumjustica.com.br\/en\/wp-json\/wp\/v2\/autorias?post=2972"},{"taxonomy":"eixos_tematicos","embeddable":true,"href":"https:\/\/staging.forumjustica.com.br\/en\/wp-json\/wp\/v2\/eixos_tematicos?post=2972"},{"taxonomy":"locais","embeddable":true,"href":"https:\/\/staging.forumjustica.com.br\/en\/wp-json\/wp\/v2\/locais?post=2972"},{"taxonomy":"pessoas","embeddable":true,"href":"https:\/\/staging.forumjustica.com.br\/en\/wp-json\/wp\/v2\/pessoas?post=2972"},{"taxonomy":"estado","embeddable":true,"href":"https:\/\/staging.forumjustica.com.br\/en\/wp-json\/wp\/v2\/estado?post=2972"},{"taxonomy":"academia","embeddable":true,"href":"https:\/\/staging.forumjustica.com.br\/en\/wp-json\/wp\/v2\/academia?post=2972"},{"taxonomy":"sociedade_civil","embeddable":true,"href":"https:\/\/staging.forumjustica.com.br\/en\/wp-json\/wp\/v2\/sociedade_civil?post=2972"}],"curies":[{"name":"wp","href":"https:\/\/api.w.org\/{rel}","templated":true}]}}