{"id":2749,"date":"2012-08-13T10:00:54","date_gmt":"2012-08-13T12:00:54","guid":{"rendered":"https:\/\/forumjustica.vlannetwork.com\/?p=2749"},"modified":"2022-09-04T21:16:54","modified_gmt":"2022-09-05T00:16:54","slug":"conferencia-internacional-memoria-america-latina-em-perspectiva-internacional-e-comparada-e-61%c2%aa-caravana-da-anistia","status":"publish","type":"post","link":"https:\/\/staging.forumjustica.com.br\/en\/conferencia-internacional-memoria-america-latina-em-perspectiva-internacional-e-comparada-e-61%c2%aa-caravana-da-anistia\/","title":{"rendered":"Confer\u00eancia Internacional Mem\u00f3ria: Am\u00e9rica Latina em perspectiva internacional e comparada e 61\u00aa Caravana da Anistia"},"content":{"rendered":"<p>A PUC-Rio promover\u00e1, entre os dias 14 e 17 de agosto, a Confer\u00eancia Internacional &#8220;Mem\u00f3ria: Am\u00e9rica Latina em perspectiva internacional e comparada&#8221;. O evento resulta de uma parceria entre a Coaliz\u00e3o<br \/>\nInternacional de S\u00edtios de Consci\u00eancia e a Comiss\u00e3o de Anistia do Minist\u00e9rio da Justi\u00e7a com o N\u00facleo de Mem\u00f3ria da PUC-Rio e o Departamento de Direito, marcando o anivers\u00e1rio de 10 anos de seu N\u00facleo de Direitos Humanos.<\/p>\n<p>A solenidade de abertura contar\u00e1 com a participa\u00e7\u00e3o do Reitor Pe.Josaf\u00e1 Siqueira e h\u00e1 previs\u00e3o de participa\u00e7\u00e3o do Ministro da Justi\u00e7a, Jos\u00e9 Eduardo Cardoso, no dia 15, a partir das 18h, para a apresenta\u00e7\u00e3o do Memorial da Anistia Pol\u00edtica brasileira.<\/p>\n<p>Ap\u00f3s a abertura, no dia 14, haver\u00e1 o lan\u00e7amento do livro &#8220;Direitos Humanos, Justi\u00e7a, Verdade e Mem\u00f3ria&#8221;, organizado pelos professores Bethaniza Assy, Carolina de Campos Mello, Jo\u00e3o Ricardo Dornelles e Jos\u00e9 Maria G\u00f3mez, do N\u00facleo de Direitos Humanos do Departamento de Direito da PUC-Rio.<\/p>\n<p>O evento, que conta com o apoio dos Departamentos de Comunica\u00e7\u00e3o e Servi\u00e7o Social, da Vice-Reitoria Comunit\u00e1ria e do Diret\u00f3rio Central dos Estudantes ser\u00e1 o marco de reinaugura\u00e7\u00e3o da exposi\u00e7\u00e3o &#8220;Registros de uma Guerra Surda&#8221; do Arquivo Nacional que permanecer\u00e1 no campus por duas semanas.<\/p>\n<p>No dia 17, \u00e0s 9hs, ocorrer\u00e1 o momento &#8220;PUC-Rio: para n\u00e3o esquecer&#8221;, com a Coordena\u00e7\u00e3o do Vice-Reitor Pe. Francisco Ivern, SJ e do Professor Adriano Pilatti (Direito), com a exposi\u00e7\u00e3o de fotografias e homenagem a professores, alunos e funcion\u00e1rios por sua resist\u00eancia \u00e0 ditadura e luta por liberdade na universidade.<\/p>\n<p>O momento precede a realiza\u00e7\u00e3o da 61a Caravana de Anistia, uma sess\u00e3o especial de aprecia\u00e7\u00e3o de pedidos de anistia pol\u00edtica apresentados \u00e0 Comiss\u00e3o de Anistia. Desde 2007, a Caravana j\u00e1 percorreu universidades, assembl\u00e9ias legislativas, sedes de \u00f3rg\u00e3os p\u00fablicos e organiza\u00e7\u00f5es n\u00e3o-governamentais em todo o Brasil com o objetivo de analisar os casos de persegui\u00e7\u00e3o pol\u00edtica no local em que esta teria ocorrido.<\/p>\n<p>PUC Rio &#8211; Audit\u00f3rio do RDC<br \/>\n14 a 17 de agosto de 2012<br \/>\nPrograma\u00e7\u00e3o completa aqui :<br \/>\n<a href=\"http:\/\/\"> http:\/\/www.jur.puc-rio.br\/ndh\/<\/a><\/p>\n","protected":false},"excerpt":{"rendered":"<p>A PUC-Rio promover\u00e1, entre os dias 14 e 17 de agosto, a Confer\u00eancia Internacional &#8220;Mem\u00f3ria: Am\u00e9rica Latina em perspectiva internacional e comparada&#8221;. O evento resulta de uma parceria entre a Coaliz\u00e3o Internacional de S\u00edtios de Consci\u00eancia e a Comiss\u00e3o de Anistia do Minist\u00e9rio da Justi\u00e7a com o N\u00facleo de Mem\u00f3ria da PUC-Rio e o Departamento [&hellip;]<\/p>\n","protected":false},"author":13,"featured_media":0,"comment_status":"open","ping_status":"open","sticky":false,"template":"","format":"standard","meta":{"inline_featured_image":false,"footnotes":""},"categories":[1],"tags":[],"anos":[],"projetos":[],"autorias":[],"eixos_tematicos":[],"locais":[],"pessoas":[],"estado":[],"academia":[],"sociedade_civil":[],"class_list":["post-2749","post","type-post","status-publish","format-standard","hentry","category-noticias"],"_links":{"self":[{"href":"https:\/\/staging.forumjustica.com.br\/en\/wp-json\/wp\/v2\/posts\/2749","targetHints":{"allow":["GET"]}}],"collection":[{"href":"https:\/\/staging.forumjustica.com.br\/en\/wp-json\/wp\/v2\/posts"}],"about":[{"href":"https:\/\/staging.forumjustica.com.br\/en\/wp-json\/wp\/v2\/types\/post"}],"author":[{"embeddable":true,"href":"https:\/\/staging.forumjustica.com.br\/en\/wp-json\/wp\/v2\/users\/13"}],"replies":[{"embeddable":true,"href":"https:\/\/staging.forumjustica.com.br\/en\/wp-json\/wp\/v2\/comments?post=2749"}],"version-history":[{"count":1,"href":"https:\/\/staging.forumjustica.com.br\/en\/wp-json\/wp\/v2\/posts\/2749\/revisions"}],"predecessor-version":[{"id":18024,"href":"https:\/\/staging.forumjustica.com.br\/en\/wp-json\/wp\/v2\/posts\/2749\/revisions\/18024"}],"wp:attachment":[{"href":"https:\/\/staging.forumjustica.com.br\/en\/wp-json\/wp\/v2\/media?parent=2749"}],"wp:term":[{"taxonomy":"category","embeddable":true,"href":"https:\/\/staging.forumjustica.com.br\/en\/wp-json\/wp\/v2\/categories?post=2749"},{"taxonomy":"post_tag","embeddable":true,"href":"https:\/\/staging.forumjustica.com.br\/en\/wp-json\/wp\/v2\/tags?post=2749"},{"taxonomy":"anos","embeddable":true,"href":"https:\/\/staging.forumjustica.com.br\/en\/wp-json\/wp\/v2\/anos?post=2749"},{"taxonomy":"projetos","embeddable":true,"href":"https:\/\/staging.forumjustica.com.br\/en\/wp-json\/wp\/v2\/projetos?post=2749"},{"taxonomy":"autorias","embeddable":true,"href":"https:\/\/staging.forumjustica.com.br\/en\/wp-json\/wp\/v2\/autorias?post=2749"},{"taxonomy":"eixos_tematicos","embeddable":true,"href":"https:\/\/staging.forumjustica.com.br\/en\/wp-json\/wp\/v2\/eixos_tematicos?post=2749"},{"taxonomy":"locais","embeddable":true,"href":"https:\/\/staging.forumjustica.com.br\/en\/wp-json\/wp\/v2\/locais?post=2749"},{"taxonomy":"pessoas","embeddable":true,"href":"https:\/\/staging.forumjustica.com.br\/en\/wp-json\/wp\/v2\/pessoas?post=2749"},{"taxonomy":"estado","embeddable":true,"href":"https:\/\/staging.forumjustica.com.br\/en\/wp-json\/wp\/v2\/estado?post=2749"},{"taxonomy":"academia","embeddable":true,"href":"https:\/\/staging.forumjustica.com.br\/en\/wp-json\/wp\/v2\/academia?post=2749"},{"taxonomy":"sociedade_civil","embeddable":true,"href":"https:\/\/staging.forumjustica.com.br\/en\/wp-json\/wp\/v2\/sociedade_civil?post=2749"}],"curies":[{"name":"wp","href":"https:\/\/api.w.org\/{rel}","templated":true}]}}