{"id":2740,"date":"2012-08-11T12:00:40","date_gmt":"2012-08-11T14:00:40","guid":{"rendered":"https:\/\/forumjustica.vlannetwork.com\/?p=2740"},"modified":"2022-09-04T21:16:55","modified_gmt":"2022-09-05T00:16:55","slug":"defensoria-publica-de-sp-obtem-liminar-que-obriga-industria-a-suspender-lancamento-de-compostos-quimicos-em-sistema-hidrico-de-taubate","status":"publish","type":"post","link":"https:\/\/staging.forumjustica.com.br\/en\/defensoria-publica-de-sp-obtem-liminar-que-obriga-industria-a-suspender-lancamento-de-compostos-quimicos-em-sistema-hidrico-de-taubate\/","title":{"rendered":"Defensoria P\u00fablica de SP obt\u00e9m liminar que obriga ind\u00fastria a suspender lan\u00e7amento de compostos qu\u00edmicos em sistema h\u00eddrico de Taubat\u00e9"},"content":{"rendered":"<p>A Defensoria P\u00fablica de SP obteve, na \u00faltima ter\u00e7a-feira (31\/7) uma decis\u00e3o liminar que determina que a IQT &#8211; Ind\u00fastria Qu\u00edmica Taubat\u00e9  suspenda imediatamente o lan\u00e7amento de compostos qu\u00edmicos na rede de coleta de \u00e1guas pluviais da cidade. O pedido havia sido feito por meio de uma a\u00e7\u00e3o civil p\u00fablica, ap\u00f3s diversos moradores terem procurado a Defensoria P\u00fablica reclamando de intenso mau cheiro, al\u00e9m de problemas respirat\u00f3rios na popula\u00e7\u00e3o provocados pelos lan\u00e7amentos clandestinos de produtos qu\u00edmicos pela ind\u00fastria. O procedimento utilizado pela ind\u00fastria tamb\u00e9m estava contaminando o sistema h\u00eddrico que abastece o munic\u00edpio.<\/p>\n<p>Segundo um relat\u00f3rio da Companhia Ambiental do Estado de S\u00e3o Paulo (Cetesb), realizado ap\u00f3s solicita\u00e7\u00e3o da Defensoria P\u00fablica, a ind\u00fastria qu\u00edmica fazia o lan\u00e7amento, de forma clandestina, de elementos qu\u00edmicos altamente nocivos ao meio ambiente e \u00e0 sa\u00fade humana, como butadieno, subst\u00e2ncia com potencial cancer\u00edgeno, inflam\u00e1vel e que pode provocar paralisia respirat\u00f3ria, irrita\u00e7\u00f5es no aparelho digestivo, nos olhos e nas mucosas, al\u00e9m de provocar queimaduras na pele.<\/p>\n<p>De acordo com o Defensor P\u00fablico Wagner Giron de la Torre, que atua no caso, diversos moradores dos bairros afetados procuraram a Defensoria P\u00fablica ap\u00f3s tentarem solucionar o problema administrativamente nos \u00f3rg\u00e3os ambientais do Munic\u00edpio e do Estado. \u201cOs moradores, desde o in\u00edcio do ano passado, levaram os reclamos aos \u00f3rg\u00e3os ambientais, mas nenhuma dessas institui\u00e7\u00f5es foi capaz de informar o resultado de suas a\u00e7\u00f5es para conter o grave problema ambiental\u201d, afirma o Defensor P\u00fablico.<\/p>\n<p>Na decis\u00e3o liminar, o juiz Paulo Roberto da Silva, da Vara da Fazenda P\u00fablica de Taubat\u00e9, entendeu a necessidade de suspender imediatamente o lan\u00e7amento de qualquer composto qu\u00edmico, para n\u00e3o trazer riscos ainda maiores \u00e0 popula\u00e7\u00e3o ou ao meio ambiente. \u201cOs documentos e argumentos despendidos sinalizam para a concess\u00e3o de medida liminar, porque o lan\u00e7amento de produtos qu\u00edmicos (butadieno ou estireno ou qualquer outro composto qu\u00edmico na rede de coleta de \u00e1guas pluviais) causa flagrante risco ao meio ambiente e, enfim, \u00e0 popula\u00e7\u00e3o em geral, podendo gerar \u00e0s pessoa malef\u00edcios dos mais diversos. (&#8230;) O n\u00e3o conceder da liminar poderia deixar a calvo a prote\u00e7\u00e3o ao meio ambiente, de imediato, com reflexos negativos a ele e \u00e0s pessoas que est\u00e3o a viver na \u00e1rea do im\u00f3vel onde est\u00e1 sediada\u201d.<\/p>\n<p><a href=\"http:\/\/\">http:\/\/www.defensoria.sp.gov.br\/dpesp\/Conteudos\/Noticias\/NoticiaMostra.aspx?idItem=42002&#038;idPagina=3086<\/a><\/p>\n","protected":false},"excerpt":{"rendered":"<p>A Defensoria P\u00fablica de SP obteve, na \u00faltima ter\u00e7a-feira (31\/7) uma decis\u00e3o liminar que determina que a IQT &#8211; Ind\u00fastria Qu\u00edmica Taubat\u00e9 suspenda imediatamente o lan\u00e7amento de compostos qu\u00edmicos na rede de coleta de \u00e1guas pluviais da cidade. O pedido havia sido feito por meio de uma a\u00e7\u00e3o civil p\u00fablica, ap\u00f3s diversos moradores terem procurado [&hellip;]<\/p>\n","protected":false},"author":13,"featured_media":0,"comment_status":"open","ping_status":"open","sticky":false,"template":"","format":"standard","meta":{"inline_featured_image":false,"footnotes":""},"categories":[1],"tags":[],"anos":[],"projetos":[],"autorias":[],"eixos_tematicos":[],"locais":[],"pessoas":[],"estado":[],"academia":[],"sociedade_civil":[],"class_list":["post-2740","post","type-post","status-publish","format-standard","hentry","category-noticias"],"_links":{"self":[{"href":"https:\/\/staging.forumjustica.com.br\/en\/wp-json\/wp\/v2\/posts\/2740","targetHints":{"allow":["GET"]}}],"collection":[{"href":"https:\/\/staging.forumjustica.com.br\/en\/wp-json\/wp\/v2\/posts"}],"about":[{"href":"https:\/\/staging.forumjustica.com.br\/en\/wp-json\/wp\/v2\/types\/post"}],"author":[{"embeddable":true,"href":"https:\/\/staging.forumjustica.com.br\/en\/wp-json\/wp\/v2\/users\/13"}],"replies":[{"embeddable":true,"href":"https:\/\/staging.forumjustica.com.br\/en\/wp-json\/wp\/v2\/comments?post=2740"}],"version-history":[{"count":1,"href":"https:\/\/staging.forumjustica.com.br\/en\/wp-json\/wp\/v2\/posts\/2740\/revisions"}],"predecessor-version":[{"id":18026,"href":"https:\/\/staging.forumjustica.com.br\/en\/wp-json\/wp\/v2\/posts\/2740\/revisions\/18026"}],"wp:attachment":[{"href":"https:\/\/staging.forumjustica.com.br\/en\/wp-json\/wp\/v2\/media?parent=2740"}],"wp:term":[{"taxonomy":"category","embeddable":true,"href":"https:\/\/staging.forumjustica.com.br\/en\/wp-json\/wp\/v2\/categories?post=2740"},{"taxonomy":"post_tag","embeddable":true,"href":"https:\/\/staging.forumjustica.com.br\/en\/wp-json\/wp\/v2\/tags?post=2740"},{"taxonomy":"anos","embeddable":true,"href":"https:\/\/staging.forumjustica.com.br\/en\/wp-json\/wp\/v2\/anos?post=2740"},{"taxonomy":"projetos","embeddable":true,"href":"https:\/\/staging.forumjustica.com.br\/en\/wp-json\/wp\/v2\/projetos?post=2740"},{"taxonomy":"autorias","embeddable":true,"href":"https:\/\/staging.forumjustica.com.br\/en\/wp-json\/wp\/v2\/autorias?post=2740"},{"taxonomy":"eixos_tematicos","embeddable":true,"href":"https:\/\/staging.forumjustica.com.br\/en\/wp-json\/wp\/v2\/eixos_tematicos?post=2740"},{"taxonomy":"locais","embeddable":true,"href":"https:\/\/staging.forumjustica.com.br\/en\/wp-json\/wp\/v2\/locais?post=2740"},{"taxonomy":"pessoas","embeddable":true,"href":"https:\/\/staging.forumjustica.com.br\/en\/wp-json\/wp\/v2\/pessoas?post=2740"},{"taxonomy":"estado","embeddable":true,"href":"https:\/\/staging.forumjustica.com.br\/en\/wp-json\/wp\/v2\/estado?post=2740"},{"taxonomy":"academia","embeddable":true,"href":"https:\/\/staging.forumjustica.com.br\/en\/wp-json\/wp\/v2\/academia?post=2740"},{"taxonomy":"sociedade_civil","embeddable":true,"href":"https:\/\/staging.forumjustica.com.br\/en\/wp-json\/wp\/v2\/sociedade_civil?post=2740"}],"curies":[{"name":"wp","href":"https:\/\/api.w.org\/{rel}","templated":true}]}}