{"id":2736,"date":"2012-08-11T12:00:21","date_gmt":"2012-08-11T14:00:21","guid":{"rendered":"https:\/\/forumjustica.vlannetwork.com\/?p=2736"},"modified":"2022-09-04T21:16:55","modified_gmt":"2022-09-05T00:16:55","slug":"coloquio-internacional-renovacao-urbana-mercantilizacao-da-cidade-e-desigualdades-socioespaciais","status":"publish","type":"post","link":"https:\/\/staging.forumjustica.com.br\/en\/coloquio-internacional-renovacao-urbana-mercantilizacao-da-cidade-e-desigualdades-socioespaciais\/","title":{"rendered":"Col\u00f3quio Internacional Renova\u00e7\u00e3o Urbana Mercantiliza\u00e7\u00e3o da Cidade e Desigualdades Socioespaciais"},"content":{"rendered":"<p>O N\u00facleo de Pesquisa e Extens\u00e3o Favela e Cidadania (FACI), da Escola de Servi\u00e7o Social\/UFRJ, apresenta o Col\u00f3quio Internacional Renova\u00e7\u00e3o Urbana, Mercantiliza\u00e7\u00e3o da Cidade e Desigualdades Socioespaciais<\/p>\n<p>Local: Audit\u00f3rio da Escola de Servi\u00e7o Social da UFRJ\/Campus Praia Vermelha<\/p>\n<p>Data: Dias 27 a 31 de agosto<\/p>\n<p><a href='https:\/\/staging.forumjustica.com.br\/wp-content\/uploads\/2012\/08\/folder_renovacao_urbana.pdf'>Clique aqui para ver a programa\u00e7\u00e3o<\/a><\/p>\n<p><a href='https:\/\/staging.forumjustica.com.br\/wp-content\/uploads\/2012\/08\/renovacao_urbana-cartaz.pdf'>Clique aqui para ver o cartaz do evento<\/a><\/p>\n","protected":false},"excerpt":{"rendered":"<p>O N\u00facleo de Pesquisa e Extens\u00e3o Favela e Cidadania (FACI), da Escola de Servi\u00e7o Social\/UFRJ, apresenta o Col\u00f3quio Internacional Renova\u00e7\u00e3o Urbana, Mercantiliza\u00e7\u00e3o da Cidade e Desigualdades Socioespaciais Local: Audit\u00f3rio da Escola de Servi\u00e7o Social da UFRJ\/Campus Praia Vermelha Data: Dias 27 a 31 de agosto Clique aqui para ver a programa\u00e7\u00e3o Clique aqui para ver [&hellip;]<\/p>\n","protected":false},"author":13,"featured_media":0,"comment_status":"open","ping_status":"open","sticky":false,"template":"","format":"standard","meta":{"inline_featured_image":false,"footnotes":""},"categories":[1],"tags":[],"anos":[],"projetos":[],"autorias":[],"eixos_tematicos":[],"locais":[],"pessoas":[],"estado":[],"academia":[],"sociedade_civil":[],"class_list":["post-2736","post","type-post","status-publish","format-standard","hentry","category-noticias"],"_links":{"self":[{"href":"https:\/\/staging.forumjustica.com.br\/en\/wp-json\/wp\/v2\/posts\/2736","targetHints":{"allow":["GET"]}}],"collection":[{"href":"https:\/\/staging.forumjustica.com.br\/en\/wp-json\/wp\/v2\/posts"}],"about":[{"href":"https:\/\/staging.forumjustica.com.br\/en\/wp-json\/wp\/v2\/types\/post"}],"author":[{"embeddable":true,"href":"https:\/\/staging.forumjustica.com.br\/en\/wp-json\/wp\/v2\/users\/13"}],"replies":[{"embeddable":true,"href":"https:\/\/staging.forumjustica.com.br\/en\/wp-json\/wp\/v2\/comments?post=2736"}],"version-history":[{"count":1,"href":"https:\/\/staging.forumjustica.com.br\/en\/wp-json\/wp\/v2\/posts\/2736\/revisions"}],"predecessor-version":[{"id":18027,"href":"https:\/\/staging.forumjustica.com.br\/en\/wp-json\/wp\/v2\/posts\/2736\/revisions\/18027"}],"wp:attachment":[{"href":"https:\/\/staging.forumjustica.com.br\/en\/wp-json\/wp\/v2\/media?parent=2736"}],"wp:term":[{"taxonomy":"category","embeddable":true,"href":"https:\/\/staging.forumjustica.com.br\/en\/wp-json\/wp\/v2\/categories?post=2736"},{"taxonomy":"post_tag","embeddable":true,"href":"https:\/\/staging.forumjustica.com.br\/en\/wp-json\/wp\/v2\/tags?post=2736"},{"taxonomy":"anos","embeddable":true,"href":"https:\/\/staging.forumjustica.com.br\/en\/wp-json\/wp\/v2\/anos?post=2736"},{"taxonomy":"projetos","embeddable":true,"href":"https:\/\/staging.forumjustica.com.br\/en\/wp-json\/wp\/v2\/projetos?post=2736"},{"taxonomy":"autorias","embeddable":true,"href":"https:\/\/staging.forumjustica.com.br\/en\/wp-json\/wp\/v2\/autorias?post=2736"},{"taxonomy":"eixos_tematicos","embeddable":true,"href":"https:\/\/staging.forumjustica.com.br\/en\/wp-json\/wp\/v2\/eixos_tematicos?post=2736"},{"taxonomy":"locais","embeddable":true,"href":"https:\/\/staging.forumjustica.com.br\/en\/wp-json\/wp\/v2\/locais?post=2736"},{"taxonomy":"pessoas","embeddable":true,"href":"https:\/\/staging.forumjustica.com.br\/en\/wp-json\/wp\/v2\/pessoas?post=2736"},{"taxonomy":"estado","embeddable":true,"href":"https:\/\/staging.forumjustica.com.br\/en\/wp-json\/wp\/v2\/estado?post=2736"},{"taxonomy":"academia","embeddable":true,"href":"https:\/\/staging.forumjustica.com.br\/en\/wp-json\/wp\/v2\/academia?post=2736"},{"taxonomy":"sociedade_civil","embeddable":true,"href":"https:\/\/staging.forumjustica.com.br\/en\/wp-json\/wp\/v2\/sociedade_civil?post=2736"}],"curies":[{"name":"wp","href":"https:\/\/api.w.org\/{rel}","templated":true}]}}