{"id":2719,"date":"2012-08-09T21:00:31","date_gmt":"2012-08-09T23:00:31","guid":{"rendered":"https:\/\/forumjustica.vlannetwork.com\/?p=2719"},"modified":"2022-09-04T21:16:55","modified_gmt":"2022-09-05T00:16:55","slug":"este-e-um-dia-de-felicidade-no-vale-do-ribeira-a-justica-se-fez-presente","status":"publish","type":"post","link":"https:\/\/staging.forumjustica.com.br\/en\/este-e-um-dia-de-felicidade-no-vale-do-ribeira-a-justica-se-fez-presente\/","title":{"rendered":"\u201cEste \u00e9 um dia de felicidade\u201d! No Vale do Ribeira, a Justi\u00e7a se fez presente!"},"content":{"rendered":"<p>http:\/\/racismoambiental.net.br\/2012\/08\/este-e-um-dia-de-felicidade-no-vale-da-ribeira-a-justica-se-fez-presente\/#more-63340<br \/>\n<a href=\"https:\/\/staging.forumjustica.com.br\/wp-content\/uploads\/2012\/08\/recorte-decis-o-Iporanga.png\"><img loading=\"lazy\" decoding=\"async\" src=\"https:\/\/staging.forumjustica.com.br\/wp-content\/uploads\/2012\/08\/recorte-decis-o-Iporanga.png\" alt=\"\" title=\"recorte-decis\u00e3o-Iporanga\" width=\"632\" height=\"477\" class=\"alignleft size-full wp-image-2720\" srcset=\"https:\/\/staging.forumjustica.com.br\/wp-content\/uploads\/2012\/08\/recorte-decis-o-Iporanga.png 632w, https:\/\/staging.forumjustica.com.br\/wp-content\/uploads\/2012\/08\/recorte-decis-o-Iporanga-300x226.png 300w\" sizes=\"auto, (max-width: 632px) 100vw, 632px\" \/><\/a><br \/>\nTania Pacheco<\/p>\n<p>No dia 26 de junho, publicamos a not\u00edcia de uma primeira vit\u00f3ria da Defensoria P\u00fablica de S\u00e3o Paulo contra o Prefeito de Iporanga, regi\u00e3o de Lageado, Vale do Ribeira. Atrav\u00e9s de uma bel\u00edssima pe\u00e7a jur\u00eddica, os Defensores Thiago de Luna Cury e Andrew Toshio Hayama entravam com pedido de limitar para evitar que, seguindo uma pr\u00e1tica que vem se tornando constante no estado, o Prefeito expulsasse comunidades tradicionais e desapropriasse vastas extens\u00f5es de terras, para transform\u00e1-las em Parques Naturais a serem transacionados no mercado de carbono.<\/p>\n<p>Conseguiram a acolhida do Juiz Raphael Garcia Pinto, de Eldorado, que, agindo com justi\u00e7a e respeitando os argumentos, acatou o pedido. Vale ler o primeiro cap\u00edtulo desta hist\u00f3ria e ver a \u00edntegra dos dois documentos, dispon\u00edveis em  No Vale do Ribeira, Defensoria P\u00fablica defende comunidades tradicionais contra corrup\u00e7\u00e3o e mercado de carbono.<\/p>\n<p>Agora, numa decis\u00e3o igualmente bem escrita mas que \u00e9, acima de tudo, um primor de respeito \u00e0s leis, \u00e0 igualdade de direitos e \u00e0 cidadania, o Juiz Marcelo Machado da Silva reconhece a nulidade do decreto municipal 663\/12 e declara igualmente nulos quaisquer atos praticados com base nele.<\/p>\n<p>Infelizmente, a decis\u00e3o foi encaminhada em c\u00f3pia fotografada, o que impede a sua edi\u00e7\u00e3o e publica\u00e7\u00e3o. Como, entretanto, \u00e9 da maior import\u00e2ncia socializar mais essa vit\u00f3ria de democratiza\u00e7\u00e3o da Justi\u00e7a, o texto que abre esta not\u00edcia \u00e9 exatamente a parte da conclus\u00e3o  que mais me encantou. Quem quiser l\u00ea-la na \u00edntegra, pode baix\u00e1-la clicando AQUI.  <a href=\"http:\/\/\">http:\/\/racismoambiental.net.br\/wp-content\/upLoads\/2012\/08\/IPORANGA.pdf<\/a> Fora isso, resta parabenizar todos os envolvidos nesse ato de defesa dos direitos das comunidades tradicionais. E comemorar, pois, como escreveu Toshio Hayama, este \u00e9 um dia de felicidade. Para as comunidades, para a Justi\u00e7a e para tod@s n\u00f3s que lutamos por um mundo melhor!<\/p>\n","protected":false},"excerpt":{"rendered":"<p>http:\/\/racismoambiental.net.br\/2012\/08\/este-e-um-dia-de-felicidade-no-vale-da-ribeira-a-justica-se-fez-presente\/#more-63340 Tania Pacheco No dia 26 de junho, publicamos a not\u00edcia de uma primeira vit\u00f3ria da Defensoria P\u00fablica de S\u00e3o Paulo contra o Prefeito de Iporanga, regi\u00e3o de Lageado, Vale do Ribeira. Atrav\u00e9s de uma bel\u00edssima pe\u00e7a jur\u00eddica, os Defensores Thiago de Luna Cury e Andrew Toshio Hayama entravam com pedido de limitar para evitar [&hellip;]<\/p>\n","protected":false},"author":13,"featured_media":0,"comment_status":"open","ping_status":"open","sticky":false,"template":"","format":"standard","meta":{"inline_featured_image":false,"footnotes":""},"categories":[1],"tags":[],"anos":[],"projetos":[],"autorias":[],"eixos_tematicos":[],"locais":[],"pessoas":[],"estado":[],"academia":[],"sociedade_civil":[],"class_list":["post-2719","post","type-post","status-publish","format-standard","hentry","category-noticias"],"_links":{"self":[{"href":"https:\/\/staging.forumjustica.com.br\/en\/wp-json\/wp\/v2\/posts\/2719","targetHints":{"allow":["GET"]}}],"collection":[{"href":"https:\/\/staging.forumjustica.com.br\/en\/wp-json\/wp\/v2\/posts"}],"about":[{"href":"https:\/\/staging.forumjustica.com.br\/en\/wp-json\/wp\/v2\/types\/post"}],"author":[{"embeddable":true,"href":"https:\/\/staging.forumjustica.com.br\/en\/wp-json\/wp\/v2\/users\/13"}],"replies":[{"embeddable":true,"href":"https:\/\/staging.forumjustica.com.br\/en\/wp-json\/wp\/v2\/comments?post=2719"}],"version-history":[{"count":1,"href":"https:\/\/staging.forumjustica.com.br\/en\/wp-json\/wp\/v2\/posts\/2719\/revisions"}],"predecessor-version":[{"id":18030,"href":"https:\/\/staging.forumjustica.com.br\/en\/wp-json\/wp\/v2\/posts\/2719\/revisions\/18030"}],"wp:attachment":[{"href":"https:\/\/staging.forumjustica.com.br\/en\/wp-json\/wp\/v2\/media?parent=2719"}],"wp:term":[{"taxonomy":"category","embeddable":true,"href":"https:\/\/staging.forumjustica.com.br\/en\/wp-json\/wp\/v2\/categories?post=2719"},{"taxonomy":"post_tag","embeddable":true,"href":"https:\/\/staging.forumjustica.com.br\/en\/wp-json\/wp\/v2\/tags?post=2719"},{"taxonomy":"anos","embeddable":true,"href":"https:\/\/staging.forumjustica.com.br\/en\/wp-json\/wp\/v2\/anos?post=2719"},{"taxonomy":"projetos","embeddable":true,"href":"https:\/\/staging.forumjustica.com.br\/en\/wp-json\/wp\/v2\/projetos?post=2719"},{"taxonomy":"autorias","embeddable":true,"href":"https:\/\/staging.forumjustica.com.br\/en\/wp-json\/wp\/v2\/autorias?post=2719"},{"taxonomy":"eixos_tematicos","embeddable":true,"href":"https:\/\/staging.forumjustica.com.br\/en\/wp-json\/wp\/v2\/eixos_tematicos?post=2719"},{"taxonomy":"locais","embeddable":true,"href":"https:\/\/staging.forumjustica.com.br\/en\/wp-json\/wp\/v2\/locais?post=2719"},{"taxonomy":"pessoas","embeddable":true,"href":"https:\/\/staging.forumjustica.com.br\/en\/wp-json\/wp\/v2\/pessoas?post=2719"},{"taxonomy":"estado","embeddable":true,"href":"https:\/\/staging.forumjustica.com.br\/en\/wp-json\/wp\/v2\/estado?post=2719"},{"taxonomy":"academia","embeddable":true,"href":"https:\/\/staging.forumjustica.com.br\/en\/wp-json\/wp\/v2\/academia?post=2719"},{"taxonomy":"sociedade_civil","embeddable":true,"href":"https:\/\/staging.forumjustica.com.br\/en\/wp-json\/wp\/v2\/sociedade_civil?post=2719"}],"curies":[{"name":"wp","href":"https:\/\/api.w.org\/{rel}","templated":true}]}}