{"id":2700,"date":"2012-08-09T09:27:44","date_gmt":"2012-08-09T11:27:44","guid":{"rendered":"https:\/\/forumjustica.vlannetwork.com\/?p=2700"},"modified":"2022-09-04T21:16:55","modified_gmt":"2022-09-05T00:16:55","slug":"movimento-de-moradia-conquista-decisao-que-reconhece-sua-luta-e-repudia-a-atuacao-policial-que-levou-ao-despejo-violento-de-familias-de-sem-teto","status":"publish","type":"post","link":"https:\/\/staging.forumjustica.com.br\/en\/movimento-de-moradia-conquista-decisao-que-reconhece-sua-luta-e-repudia-a-atuacao-policial-que-levou-ao-despejo-violento-de-familias-de-sem-teto\/","title":{"rendered":"Movimento de Moradia conquista decis\u00e3o que reconhece sua luta e repudia a atua\u00e7\u00e3o policial que levou ao despejo violento de fam\u00edlias de sem-teto"},"content":{"rendered":"<p>O F\u00d3RUM JUSTI\u00c7A tem a satisfa\u00e7\u00e3o de divulgar a decis\u00e3o proferida pela 1\u00aa Turma Recursal da Justi\u00e7a Federal \u2013 Se\u00e7\u00e3o Judici\u00e1ria do Rio de janeiro, conforme voto do Exmo. Sr. Dr. Paulo Alberto Jorge, que representa um grande avan\u00e7o no sentido de reconhecimento da legitimidade do movimento de luta pela moradia, afastando a tend\u00eancia de criminaliza\u00e7\u00e3o dos movimentos sociais, infelizmente muito presente em nossa sociedade.<\/p>\n<p>Decis\u00f5es como esta revelam o contexto pol\u00edtico das ocupa\u00e7\u00f5es urbanas, que envolvem a aus\u00eancia de op\u00e7\u00f5es de moradia para a popula\u00e7\u00e3o carente, a despeito de in\u00fameros im\u00f3veis vazios existentes em nossa cidade, problema este que deve ser enfrentado por todas as esferas de poder. E, ao mesmo tempo, demonstram a equivocada e abusiva interven\u00e7\u00e3o policial, que n\u00e3o se coaduna com a pol\u00edtica de preven\u00e7\u00e3o e media\u00e7\u00e3o de conflitos que deveria permear a atua\u00e7\u00e3o em quest\u00f5es envolvendo conflitos possess\u00f3rios coletivos.<\/p>\n<p>Note-se que a presen\u00e7a da Defensora p\u00fablica do N\u00facleo de Terras e Habita\u00e7\u00e3o no local, com o intuito de mediar o conflito e buscar solu\u00e7\u00f5es que garantissem o direito \u00e0 moradia e n\u00e3o gerassem viola\u00e7\u00f5es aos direitos humanos, n\u00e3o foi capaz de evitar a viol\u00eancia ocorrida, que acabou vitimando a pr\u00f3pria defensora, atacada com \u201cspray de pimenta\u201d, pr\u00e1tica que vem sendo banalizada e utilizada de forma totalmente desproporcional pela Pol\u00edcia Militar<\/p>\n<p>Com isso, assume a decis\u00e3o um car\u00e1ter pedag\u00f3gico, al\u00e9m de fortalecer dentre aqueles que militam pelo direito humano \u00e0 moradia a esperan\u00e7a de que o Poder Judici\u00e1rio e as demais institui\u00e7\u00f5es do sistema de justi\u00e7a possam estar mais atentos \u00e0s demandas sociais e \u00e0 necessidade de constru\u00e7\u00e3o de uma pol\u00edtica judicial integradora, com reconhecimento, redistribui\u00e7\u00e3o e participa\u00e7\u00e3o popular.<\/p>\n<p><a href='https:\/\/staging.forumjustica.com.br\/wp-content\/uploads\/2012\/08\/decis-o-un-nime-da-turma-recursal-voto-excepcional-do-juiz-Paulo-Alberto-Jorge.pdf'>Conhe\u00e7a aqui e \u00edntegra da decis\u00e3o!<\/a><\/p>\n<p>GT MORADIA<br \/>\nARTICULA\u00c7\u00c3O DO F\u00d3RUM JUSTI\u00c7A <\/p>\n","protected":false},"excerpt":{"rendered":"<p>O F\u00d3RUM JUSTI\u00c7A tem a satisfa\u00e7\u00e3o de divulgar a decis\u00e3o proferida pela 1\u00aa Turma Recursal da Justi\u00e7a Federal \u2013 Se\u00e7\u00e3o Judici\u00e1ria do Rio de janeiro, conforme voto do Exmo. Sr. Dr. Paulo Alberto Jorge, que representa um grande avan\u00e7o no sentido de reconhecimento da legitimidade do movimento de luta pela moradia, afastando a tend\u00eancia de [&hellip;]<\/p>\n","protected":false},"author":13,"featured_media":0,"comment_status":"open","ping_status":"open","sticky":false,"template":"","format":"standard","meta":{"inline_featured_image":false,"footnotes":""},"categories":[1],"tags":[],"anos":[],"projetos":[],"autorias":[],"eixos_tematicos":[],"locais":[],"pessoas":[],"estado":[],"academia":[],"sociedade_civil":[],"class_list":["post-2700","post","type-post","status-publish","format-standard","hentry","category-noticias"],"_links":{"self":[{"href":"https:\/\/staging.forumjustica.com.br\/en\/wp-json\/wp\/v2\/posts\/2700","targetHints":{"allow":["GET"]}}],"collection":[{"href":"https:\/\/staging.forumjustica.com.br\/en\/wp-json\/wp\/v2\/posts"}],"about":[{"href":"https:\/\/staging.forumjustica.com.br\/en\/wp-json\/wp\/v2\/types\/post"}],"author":[{"embeddable":true,"href":"https:\/\/staging.forumjustica.com.br\/en\/wp-json\/wp\/v2\/users\/13"}],"replies":[{"embeddable":true,"href":"https:\/\/staging.forumjustica.com.br\/en\/wp-json\/wp\/v2\/comments?post=2700"}],"version-history":[{"count":1,"href":"https:\/\/staging.forumjustica.com.br\/en\/wp-json\/wp\/v2\/posts\/2700\/revisions"}],"predecessor-version":[{"id":18031,"href":"https:\/\/staging.forumjustica.com.br\/en\/wp-json\/wp\/v2\/posts\/2700\/revisions\/18031"}],"wp:attachment":[{"href":"https:\/\/staging.forumjustica.com.br\/en\/wp-json\/wp\/v2\/media?parent=2700"}],"wp:term":[{"taxonomy":"category","embeddable":true,"href":"https:\/\/staging.forumjustica.com.br\/en\/wp-json\/wp\/v2\/categories?post=2700"},{"taxonomy":"post_tag","embeddable":true,"href":"https:\/\/staging.forumjustica.com.br\/en\/wp-json\/wp\/v2\/tags?post=2700"},{"taxonomy":"anos","embeddable":true,"href":"https:\/\/staging.forumjustica.com.br\/en\/wp-json\/wp\/v2\/anos?post=2700"},{"taxonomy":"projetos","embeddable":true,"href":"https:\/\/staging.forumjustica.com.br\/en\/wp-json\/wp\/v2\/projetos?post=2700"},{"taxonomy":"autorias","embeddable":true,"href":"https:\/\/staging.forumjustica.com.br\/en\/wp-json\/wp\/v2\/autorias?post=2700"},{"taxonomy":"eixos_tematicos","embeddable":true,"href":"https:\/\/staging.forumjustica.com.br\/en\/wp-json\/wp\/v2\/eixos_tematicos?post=2700"},{"taxonomy":"locais","embeddable":true,"href":"https:\/\/staging.forumjustica.com.br\/en\/wp-json\/wp\/v2\/locais?post=2700"},{"taxonomy":"pessoas","embeddable":true,"href":"https:\/\/staging.forumjustica.com.br\/en\/wp-json\/wp\/v2\/pessoas?post=2700"},{"taxonomy":"estado","embeddable":true,"href":"https:\/\/staging.forumjustica.com.br\/en\/wp-json\/wp\/v2\/estado?post=2700"},{"taxonomy":"academia","embeddable":true,"href":"https:\/\/staging.forumjustica.com.br\/en\/wp-json\/wp\/v2\/academia?post=2700"},{"taxonomy":"sociedade_civil","embeddable":true,"href":"https:\/\/staging.forumjustica.com.br\/en\/wp-json\/wp\/v2\/sociedade_civil?post=2700"}],"curies":[{"name":"wp","href":"https:\/\/api.w.org\/{rel}","templated":true}]}}